{"id":11193,"date":"2020-02-14T09:02:04","date_gmt":"2020-02-14T12:02:04","guid":{"rendered":"http:\/\/www.sinprofaz.org.br\/?p=11193"},"modified":"2020-02-17T09:56:36","modified_gmt":"2020-02-17T12:56:36","slug":"sinprofaz-se-reune-com-advogado-geral-da-uniao-andre-mendonca","status":"publish","type":"post","link":"https:\/\/sinprofaz.org.br\/2024\/noticias\/sinprofaz-se-reune-com-advogado-geral-da-uniao-andre-mendonca\/","title":{"rendered":"SINPROFAZ SE RE\u00daNE COM ADVOGADO-GERAL DA UNI\u00c3O, ANDR\u00c9 MENDON\u00c7A"},"content":{"rendered":"<p>O SINPROFAZ, representado pelos diretores Achilles Frias e S\u00e9rgio Carneiro, esteve reunido na quinta-feira (13) com o advogado-geral da Uni\u00e3o, Andr\u00e9 Mendon\u00e7a. Dirigentes de entidades representativas da Advocacia P\u00fablica tamb\u00e9m estiveram presentes, assim como o vice-AGU, Renato Fran\u00e7a, e o assessor especial Paulo Kuhn. A reuni\u00e3o foi realizada em Bras\u00edlia\/DF, na sede da Advocacia-Geral da Uni\u00e3o.<\/p>\n<p>A defesa de prerrogativa dos advogados p\u00fablicos foi assunto central do encontro. Andr\u00e9 Mendon\u00e7a apresentou o posicionamento oficial da AGU e ouviu sugest\u00f5es das entidades. Destacou-se a import\u00e2ncia do trabalho realizado nas bases e a necessidade de se dar continuidade a ele.<\/p>\n<p>A reforma administrativa tamb\u00e9m pautou a reuni\u00e3o. Quanto ao tema, foram elencados pontos de aten\u00e7\u00e3o, mas enfatizada a import\u00e2ncia da Advocacia P\u00fablica enquanto Carreira de Estado.<\/p>\n<p>Conclui-se a reuni\u00e3o com o refor\u00e7o sobre a necessidade de os advogados p\u00fablicos permanecerem atuando com efici\u00eancia e revelando cada vez mais os resultados que, na qualidade de Fun\u00e7\u00e3o Essencial \u00e0 Justi\u00e7a, t\u00eam obtido em prol do Estado.<\/p>\n","protected":false},"excerpt":{"rendered":"<p>O SINPROFAZ, representado pelos diretores Achilles Frias e S\u00e9rgio Carneiro, esteve reunido na quinta-feira (13) com o advogado-geral da Uni\u00e3o, Andr\u00e9 Mendon\u00e7a. Dirigentes de entidades representativas da Advocacia P\u00fablica tamb\u00e9m participaram.<\/p>\n","protected":false},"author":2,"featured_media":11194,"comment_status":"open","ping_status":"open","sticky":false,"template":"","format":"standard","meta":{"footnotes":""},"categories":[8],"tags":[34,43,25],"featured_image_url":"https:\/\/sinprofaz.org.br\/2024\/wp-content\/uploads\/2020\/02\/01.png","character_count":559,"formatted_date":"14\/02\/2020 - 09:02","contentNovo":"O SINPROFAZ, representado pelos diretores Achilles Frias e S\u00e9rgio Carneiro, esteve reunido na quinta-feira (13) com o advogado-geral da Uni\u00e3o, Andr\u00e9 Mendon\u00e7a. Dirigentes de entidades representativas da Advocacia P\u00fablica tamb\u00e9m estiveram presentes, assim como o vice-AGU, Renato Fran\u00e7a, e o assessor especial Paulo Kuhn. A reuni\u00e3o foi realizada em Bras\u00edlia\/DF, na sede da Advocacia-Geral da Uni\u00e3o.\r\n\r\nA defesa de prerrogativa dos advogados p\u00fablicos foi assunto central do encontro. Andr\u00e9 Mendon\u00e7a apresentou o posicionamento oficial da AGU e ouviu sugest\u00f5es das entidades. Destacou-se a import\u00e2ncia do trabalho realizado nas bases e a necessidade de se dar continuidade a ele.\r\n\r\nA reforma administrativa tamb\u00e9m pautou a reuni\u00e3o. Quanto ao tema, foram elencados pontos de aten\u00e7\u00e3o, mas enfatizada a import\u00e2ncia da Advocacia P\u00fablica enquanto Carreira de Estado.\r\n\r\nConclui-se a reuni\u00e3o com o refor\u00e7o sobre a necessidade de os advogados p\u00fablicos permanecerem atuando com efici\u00eancia e revelando cada vez mais os resultados que, na qualidade de Fun\u00e7\u00e3o Essencial \u00e0 Justi\u00e7a, t\u00eam obtido em prol do Estado.","_links":{"self":[{"href":"https:\/\/sinprofaz.org.br\/2024\/wp-json\/wp\/v2\/posts\/11193"}],"collection":[{"href":"https:\/\/sinprofaz.org.br\/2024\/wp-json\/wp\/v2\/posts"}],"about":[{"href":"https:\/\/sinprofaz.org.br\/2024\/wp-json\/wp\/v2\/types\/post"}],"author":[{"embeddable":true,"href":"https:\/\/sinprofaz.org.br\/2024\/wp-json\/wp\/v2\/users\/2"}],"replies":[{"embeddable":true,"href":"https:\/\/sinprofaz.org.br\/2024\/wp-json\/wp\/v2\/comments?post=11193"}],"version-history":[{"count":2,"href":"https:\/\/sinprofaz.org.br\/2024\/wp-json\/wp\/v2\/posts\/11193\/revisions"}],"predecessor-version":[{"id":11203,"href":"https:\/\/sinprofaz.org.br\/2024\/wp-json\/wp\/v2\/posts\/11193\/revisions\/11203"}],"wp:featuredmedia":[{"embeddable":true,"href":"https:\/\/sinprofaz.org.br\/2024\/wp-json\/wp\/v2\/media\/11194"}],"wp:attachment":[{"href":"https:\/\/sinprofaz.org.br\/2024\/wp-json\/wp\/v2\/media?parent=11193"}],"wp:term":[{"taxonomy":"category","embeddable":true,"href":"https:\/\/sinprofaz.org.br\/2024\/wp-json\/wp\/v2\/categories?post=11193"},{"taxonomy":"post_tag","embeddable":true,"href":"https:\/\/sinprofaz.org.br\/2024\/wp-json\/wp\/v2\/tags?post=11193"}],"curies":[{"name":"wp","href":"https:\/\/api.w.org\/{rel}","templated":true}]}}