{"id":11186,"date":"2020-02-13T10:46:25","date_gmt":"2020-02-13T13:46:25","guid":{"rendered":"http:\/\/www.sinprofaz.org.br\/?p=11186"},"modified":"2020-02-14T10:09:21","modified_gmt":"2020-02-14T13:09:21","slug":"sinprofaz-da-prosseguimento-a-trabalho-parlamentar-em-prol-da-carreira","status":"publish","type":"post","link":"https:\/\/sinprofaz.org.br\/2024\/noticias\/sinprofaz-da-prosseguimento-a-trabalho-parlamentar-em-prol-da-carreira\/","title":{"rendered":"SINPROFAZ D\u00c1 PROSSEGUIMENTO A TRABALHO PARLAMENTAR EM PROL DA CARREIRA"},"content":{"rendered":"<p>O SINPROFAZ, representado por Jos\u00e9 Ernane Brito, esteve durante esta semana no Congresso Nacional. Na oportunidade, o presidente atuou em prol de prerrogativa da Carreira, tendo visitado\u00a0gabinetes como o do deputado\u00a0C\u00e9lio Studart (PV\/CE) e abordado parlamentares como Chiquinho Braz\u00e3o (Avante\/RJ).<\/p>\n<p>O PL 6381\/2019, apresentado pelo deputado Marcel Van Hattem (Novo\/RS), \u00e9 uma das motiva\u00e7\u00f5es do trabalho parlamentar. A proposta pretende revogar o \u00a719 do art. 85 do C\u00f3digo de Processo Civil. A PEC Emergencial (186\/2019) tamb\u00e9m preocupa o Sindicato. Ela faz parte do Plano Mais Brasil, um pacote de medidas do governo federal que visam ao corte de gastos.<\/p>\n\n\t\t<style type=\"text\/css\">\n\t\t\t#gallery-1 {\n\t\t\t\tmargin: auto;\n\t\t\t}\n\t\t\t#gallery-1 .gallery-item {\n\t\t\t\tfloat: left;\n\t\t\t\tmargin-top: 10px;\n\t\t\t\ttext-align: center;\n\t\t\t\twidth: 33%;\n\t\t\t}\n\t\t\t#gallery-1 img {\n\t\t\t\tborder: 2px solid #cfcfcf;\n\t\t\t}\n\t\t\t#gallery-1 .gallery-caption {\n\t\t\t\tmargin-left: 0;\n\t\t\t}\n\t\t\t\/* see gallery_shortcode() in wp-includes\/media.php *\/\n\t\t<\/style>\n\t\t<div id='gallery-1' class='gallery galleryid-11186 gallery-columns-3 gallery-size-thumbnail'><dl class='gallery-item'>\n\t\t\t<dt class='gallery-icon landscape'>\n\t\t\t\t<a href='https:\/\/sinprofaz.org.br\/2024\/wp-content\/uploads\/2020\/02\/02-2.jpg'><img loading=\"lazy\" decoding=\"async\" width=\"150\" height=\"150\" src=\"https:\/\/sinprofaz.org.br\/2024\/wp-content\/uploads\/2020\/02\/02-2-150x150.jpg\" class=\"attachment-thumbnail size-thumbnail\" alt=\"\" \/><\/a>\n\t\t\t<\/dt><\/dl><dl class='gallery-item'>\n\t\t\t<dt class='gallery-icon landscape'>\n\t\t\t\t<a href='https:\/\/sinprofaz.org.br\/2024\/wp-content\/uploads\/2020\/02\/03-2.jpg'><img loading=\"lazy\" decoding=\"async\" width=\"150\" height=\"150\" src=\"https:\/\/sinprofaz.org.br\/2024\/wp-content\/uploads\/2020\/02\/03-2-150x150.jpg\" class=\"attachment-thumbnail size-thumbnail\" alt=\"\" \/><\/a>\n\t\t\t<\/dt><\/dl><dl class='gallery-item'>\n\t\t\t<dt class='gallery-icon landscape'>\n\t\t\t\t<a href='https:\/\/sinprofaz.org.br\/2024\/wp-content\/uploads\/2020\/02\/04-1.jpg'><img loading=\"lazy\" decoding=\"async\" width=\"150\" height=\"150\" src=\"https:\/\/sinprofaz.org.br\/2024\/wp-content\/uploads\/2020\/02\/04-1-150x150.jpg\" class=\"attachment-thumbnail size-thumbnail\" alt=\"\" \/><\/a>\n\t\t\t<\/dt><\/dl><br style=\"clear: both\" \/>\n\t\t<\/div>\n\n","protected":false},"excerpt":{"rendered":"<p>Jos\u00e9 Ernane Brito esteve esta semana no Congresso Nacional. O presidente atuou em prol de prerrogativa da Carreira, tendo visitado gabinetes como o de C\u00e9lio Studart e abordado deputados como Chiquinho Braz\u00e3o.<\/p>\n","protected":false},"author":2,"featured_media":11187,"comment_status":"open","ping_status":"open","sticky":false,"template":"","format":"standard","meta":{"footnotes":""},"categories":[8],"tags":[73,51,25],"featured_image_url":"https:\/\/sinprofaz.org.br\/2024\/wp-content\/uploads\/2020\/02\/01-1.jpg","character_count":521,"formatted_date":"13\/02\/2020 - 10:46","contentNovo":"O SINPROFAZ, representado por Jos\u00e9 Ernane Brito, esteve durante esta semana no Congresso Nacional. Na oportunidade, o presidente atuou em prol de prerrogativa da Carreira, tendo visitado\u00a0gabinetes como o do deputado\u00a0C\u00e9lio Studart (PV\/CE) e abordado parlamentares como Chiquinho Braz\u00e3o (Avante\/RJ).\r\n\r\nO PL 6381\/2019, apresentado pelo deputado Marcel Van Hattem (Novo\/RS), \u00e9 uma das motiva\u00e7\u00f5es do trabalho parlamentar. A proposta pretende revogar o \u00a719 do art. 85 do C\u00f3digo de Processo Civil. A PEC Emergencial (186\/2019) tamb\u00e9m preocupa o Sindicato. Ela faz parte do Plano Mais Brasil, um pacote de medidas do governo federal que visam ao corte de gastos.\r\n\r\n[gallery link=\"file\" ids=\"11188,11189,11190\"]","_links":{"self":[{"href":"https:\/\/sinprofaz.org.br\/2024\/wp-json\/wp\/v2\/posts\/11186"}],"collection":[{"href":"https:\/\/sinprofaz.org.br\/2024\/wp-json\/wp\/v2\/posts"}],"about":[{"href":"https:\/\/sinprofaz.org.br\/2024\/wp-json\/wp\/v2\/types\/post"}],"author":[{"embeddable":true,"href":"https:\/\/sinprofaz.org.br\/2024\/wp-json\/wp\/v2\/users\/2"}],"replies":[{"embeddable":true,"href":"https:\/\/sinprofaz.org.br\/2024\/wp-json\/wp\/v2\/comments?post=11186"}],"version-history":[{"count":4,"href":"https:\/\/sinprofaz.org.br\/2024\/wp-json\/wp\/v2\/posts\/11186\/revisions"}],"predecessor-version":[{"id":11198,"href":"https:\/\/sinprofaz.org.br\/2024\/wp-json\/wp\/v2\/posts\/11186\/revisions\/11198"}],"wp:featuredmedia":[{"embeddable":true,"href":"https:\/\/sinprofaz.org.br\/2024\/wp-json\/wp\/v2\/media\/11187"}],"wp:attachment":[{"href":"https:\/\/sinprofaz.org.br\/2024\/wp-json\/wp\/v2\/media?parent=11186"}],"wp:term":[{"taxonomy":"category","embeddable":true,"href":"https:\/\/sinprofaz.org.br\/2024\/wp-json\/wp\/v2\/categories?post=11186"},{"taxonomy":"post_tag","embeddable":true,"href":"https:\/\/sinprofaz.org.br\/2024\/wp-json\/wp\/v2\/tags?post=11186"}],"curies":[{"name":"wp","href":"https:\/\/api.w.org\/{rel}","templated":true}]}}