{"id":11159,"date":"2020-02-06T15:17:32","date_gmt":"2020-02-06T18:17:32","guid":{"rendered":"http:\/\/www.sinprofaz.org.br\/?p=11159"},"modified":"2020-02-10T10:13:09","modified_gmt":"2020-02-10T13:13:09","slug":"sinprofaz-visita-gabinete-de-deputado-do-ceara","status":"publish","type":"post","link":"https:\/\/sinprofaz.org.br\/2024\/noticias\/sinprofaz-visita-gabinete-de-deputado-do-ceara\/","title":{"rendered":"SINPROFAZ VISITA GABINETE DE DEPUTADO DO CEAR\u00c1"},"content":{"rendered":"<p>O SINPROFAZ, representado pelo presidente Jos\u00e9 Ernane Brito e pelo diretor S\u00e9rgio Andrade, esteve na quarta-feira (5) no Congresso Nacional. Acompanhados de uma comitiva de advogados p\u00fablicos, os representantes do Sindicato visitaram o gabinete de Ronaldo Martins (Republicanos\/CE).<\/p>\n<p>Deputado federal desde 2015, Ronaldo Martins integra a\u00a0Frente Parlamentar da Reforma Administrativa, tendo sido membro, entre outras, das frentes em defesa da Previd\u00eancia Social e pelos Direitos da Classe Trabalhadora. Ciente do pleito da Advocacia P\u00fablica, o deputado manifestou total apoio \u00e0s demandas do SINPROFAZ.<\/p>\n","protected":false},"excerpt":{"rendered":"<p>O SINPROFAZ, representado pelo presidente Jos\u00e9 Ernane Brito e pelo diretor S\u00e9rgio Andrade, esteve no Congresso Nacional. Acompanhados de uma comitiva de advogados p\u00fablicos, os representantes do Sindicato visitaram o gabinete de Ronaldo Martins (Republicanos\/CE).<\/p>\n","protected":false},"author":2,"featured_media":11160,"comment_status":"open","ping_status":"open","sticky":false,"template":"","format":"standard","meta":{"footnotes":""},"categories":[8],"tags":[32,73,25],"featured_image_url":"https:\/\/sinprofaz.org.br\/2024\/wp-content\/uploads\/2020\/02\/site-sinprofaz.png","character_count":304,"formatted_date":"06\/02\/2020 - 15:17","contentNovo":"O SINPROFAZ, representado pelo presidente Jos\u00e9 Ernane Brito e pelo diretor S\u00e9rgio Andrade, esteve na quarta-feira (5) no Congresso Nacional. Acompanhados de uma comitiva de advogados p\u00fablicos, os representantes do Sindicato visitaram o gabinete de Ronaldo Martins (Republicanos\/CE).\r\n\r\nDeputado federal desde 2015, Ronaldo Martins integra a\u00a0Frente Parlamentar da Reforma Administrativa, tendo sido membro, entre outras, das frentes em defesa da Previd\u00eancia Social e pelos Direitos da Classe Trabalhadora. Ciente do pleito da Advocacia P\u00fablica, o deputado manifestou total apoio \u00e0s demandas do SINPROFAZ.","_links":{"self":[{"href":"https:\/\/sinprofaz.org.br\/2024\/wp-json\/wp\/v2\/posts\/11159"}],"collection":[{"href":"https:\/\/sinprofaz.org.br\/2024\/wp-json\/wp\/v2\/posts"}],"about":[{"href":"https:\/\/sinprofaz.org.br\/2024\/wp-json\/wp\/v2\/types\/post"}],"author":[{"embeddable":true,"href":"https:\/\/sinprofaz.org.br\/2024\/wp-json\/wp\/v2\/users\/2"}],"replies":[{"embeddable":true,"href":"https:\/\/sinprofaz.org.br\/2024\/wp-json\/wp\/v2\/comments?post=11159"}],"version-history":[{"count":3,"href":"https:\/\/sinprofaz.org.br\/2024\/wp-json\/wp\/v2\/posts\/11159\/revisions"}],"predecessor-version":[{"id":11169,"href":"https:\/\/sinprofaz.org.br\/2024\/wp-json\/wp\/v2\/posts\/11159\/revisions\/11169"}],"wp:featuredmedia":[{"embeddable":true,"href":"https:\/\/sinprofaz.org.br\/2024\/wp-json\/wp\/v2\/media\/11160"}],"wp:attachment":[{"href":"https:\/\/sinprofaz.org.br\/2024\/wp-json\/wp\/v2\/media?parent=11159"}],"wp:term":[{"taxonomy":"category","embeddable":true,"href":"https:\/\/sinprofaz.org.br\/2024\/wp-json\/wp\/v2\/categories?post=11159"},{"taxonomy":"post_tag","embeddable":true,"href":"https:\/\/sinprofaz.org.br\/2024\/wp-json\/wp\/v2\/tags?post=11159"}],"curies":[{"name":"wp","href":"https:\/\/api.w.org\/{rel}","templated":true}]}}