{"id":1115,"date":"2012-12-07T18:49:39","date_gmt":"2012-12-07T18:49:39","guid":{"rendered":""},"modified":"-0001-11-30T00:00:00","modified_gmt":"-0001-11-30T03:00:00","slug":"12o-encontro-presidente-do-etco-defende-reforma-tributaria","status":"publish","type":"post","link":"https:\/\/sinprofaz.org.br\/2024\/noticias\/12o-encontro-presidente-do-etco-defende-reforma-tributaria\/","title":{"rendered":"12\u00ba Encontro: presidente do Etco defende reforma tribut\u00e1ria"},"content":{"rendered":"<p><img loading=\"lazy\" decoding=\"async\" style=\"margin-right: 10px; border: 1px solid #000000; float: left;\" alt=\"12\u00ba Encontro: presidente do Etco defende reforma tribut\u00e1ria\" src=\"images\/noticias\/presidente-etco-defende-reforma-tributaria\/roberto-abdenur-foto-03.jpg\" height=\"200\" width=\"133\" \/>O presidente do Instituto Brasileiro de \u00c9tica Concorrencial (Etco), Roberto Abdenur, voltou a defender ontem (6) a reforma tribut\u00e1ria poss\u00edvel durante o 12\u00ba Encontro Nacional dos Procuradores da Fazenda Nacional. Para ele, o conflito de interesses que impede uma ampla reforma nacional deve ser contornado com mudan\u00e7as pontuais e graduais na legisla\u00e7\u00e3o.<\/p>\n<p><img loading=\"lazy\" decoding=\"async\" style=\"margin-left: 10px; margin-bottom: 5px; margin-top: 5px; border: 1px solid #000000; float: right;\" alt=\"12\u00ba Encontro: presidente do Etco defende reforma tribut\u00e1ria\" src=\"images\/noticias\/presidente-etco-defende-reforma-tributaria\/roberto-abdenur-foto-01.jpg\" height=\"154\" width=\"218\" \/>Segundo Abdenur, empresas e popula\u00e7\u00e3o devem se unir em ambiente colaborativo para estimular neg\u00f3cios e permitir o crescimento do pa\u00eds. \u201cOs in\u00fameros desvios de conduta comprometem os ambientes de neg\u00f3cio e prejudicam toda a sociedade brasileira\u201d, destacou.<\/p>\n<p>O Etco foi criado em 2003, e desde ent\u00e3o, promove estudos sobre os desvios de conduta fiscal, prop\u00f5e iniciativas para eliminar esses desvios e atua na conscientiza\u00e7\u00e3o da opini\u00e3o p\u00fablica sobre os efeitos de crimes como sonega\u00e7\u00e3o e pirataria. Outro foco de preocupa\u00e7\u00e3o \u00e9 a economia subterr\u00e2nea e os problemas que resultam da n\u00e3o-arrecada\u00e7\u00e3o e do emprego informal.<\/p>\n<p>Para Abdenur, a sociedade ainda precisa ser esclarecida sobre o desequil\u00edbrio entre o Estado e o contribuinte, especialmente no Brasil, onde a alta carga tribut\u00e1ria n\u00e3o corresponde \u00e0 excel\u00eancia na presta\u00e7\u00e3o de servi\u00e7os como sa\u00fade, seguran\u00e7a e educa\u00e7\u00e3o. O maior exemplo desse desequil\u00edbrio \u00e9 que a carga tribut\u00e1ria brasileira aumentou mais que a taxa de \u00edndice de desenvolvimento humano nos \u00faltimos anos.<img loading=\"lazy\" decoding=\"async\" style=\"margin-left: 10px; margin-bottom: 5px; margin-top: 5px; border: 1px solid #000000; float: right;\" alt=\"12\u00ba Encontro: presidente do Etco defende reforma tribut\u00e1ria\" src=\"images\/noticias\/presidente-etco-defende-reforma-tributaria\/roberto-abdenur-foto-02.jpg\" height=\"154\" width=\"218\" \/><\/p>\n<p>O presidente do Etco ainda defendeu o uso de novas tecnologias no monitoramento de transa\u00e7\u00f5es comerciais para evitar a sonega\u00e7\u00e3o, a simplifica\u00e7\u00e3o do sistema tribut\u00e1rio com unifica\u00e7\u00e3o de impostos referentes ao mesmo fato gerador e atua\u00e7\u00e3o legislativa para aprova\u00e7\u00e3o de leis contra desequil\u00edbrios de concorr\u00eancia.<\/p>\n","protected":false},"excerpt":{"rendered":"<p>O presidente do Instituto Brasileiro de \u00c9tica Concorrencial (Etco), Roberto Abdenur, voltou a defender ontem (6) a reforma tribut\u00e1ria poss\u00edvel durante o 12\u00ba Encontro Nacional dos Procuradores da Fazenda Nacional.<\/p>\n","protected":false},"author":1,"featured_media":0,"comment_status":"closed","ping_status":"open","sticky":false,"template":"","format":"standard","meta":{"footnotes":""},"categories":[8],"tags":[],"featured_image_url":"https:\/\/dummyimage.com\/720x400","character_count":876,"formatted_date":"07\/12\/2012 - 18:49","contentNovo":"\r\n<p>O presidente do Instituto Brasileiro de \u00c9tica Concorrencial (Etco), Roberto Abdenur, voltou a defender ontem (6) a reforma tribut\u00e1ria poss\u00edvel durante o 12\u00ba Encontro Nacional dos Procuradores da Fazenda Nacional. Para ele, o conflito de interesses que impede uma ampla reforma nacional deve ser contornado com mudan\u00e7as pontuais e graduais na legisla\u00e7\u00e3o.<\/p>\r\n<p>Segundo Abdenur, empresas e popula\u00e7\u00e3o devem se unir em ambiente colaborativo para estimular neg\u00f3cios e permitir o crescimento do pa\u00eds. \u201cOs in\u00fameros desvios de conduta comprometem os ambientes de neg\u00f3cio e prejudicam toda a sociedade brasileira\u201d, destacou.<\/p>\r\n<p>O Etco foi criado em 2003, e desde ent\u00e3o, promove estudos sobre os desvios de conduta fiscal, prop\u00f5e iniciativas para eliminar esses desvios e atua na conscientiza\u00e7\u00e3o da opini\u00e3o p\u00fablica sobre os efeitos de crimes como sonega\u00e7\u00e3o e pirataria. Outro foco de preocupa\u00e7\u00e3o \u00e9 a economia subterr\u00e2nea e os problemas que resultam da n\u00e3o-arrecada\u00e7\u00e3o e do emprego informal.<\/p>\r\n<p>Para Abdenur, a sociedade ainda precisa ser esclarecida sobre o desequil\u00edbrio entre o Estado e o contribuinte, especialmente no Brasil, onde a alta carga tribut\u00e1ria n\u00e3o corresponde \u00e0 excel\u00eancia na presta\u00e7\u00e3o de servi\u00e7os como sa\u00fade, seguran\u00e7a e educa\u00e7\u00e3o. O maior exemplo desse desequil\u00edbrio \u00e9 que a carga tribut\u00e1ria brasileira aumentou mais que a taxa de \u00edndice de desenvolvimento humano nos \u00faltimos anos.<\/p>\r\n<p>O presidente do Etco ainda defendeu o uso de novas tecnologias no monitoramento de transa\u00e7\u00f5es comerciais para evitar a sonega\u00e7\u00e3o, a simplifica\u00e7\u00e3o do sistema tribut\u00e1rio com unifica\u00e7\u00e3o de impostos referentes ao mesmo fato gerador e atua\u00e7\u00e3o legislativa para aprova\u00e7\u00e3o de leis contra desequil\u00edbrios de concorr\u00eancia.<\/p>","_links":{"self":[{"href":"https:\/\/sinprofaz.org.br\/2024\/wp-json\/wp\/v2\/posts\/1115"}],"collection":[{"href":"https:\/\/sinprofaz.org.br\/2024\/wp-json\/wp\/v2\/posts"}],"about":[{"href":"https:\/\/sinprofaz.org.br\/2024\/wp-json\/wp\/v2\/types\/post"}],"author":[{"embeddable":true,"href":"https:\/\/sinprofaz.org.br\/2024\/wp-json\/wp\/v2\/users\/1"}],"replies":[{"embeddable":true,"href":"https:\/\/sinprofaz.org.br\/2024\/wp-json\/wp\/v2\/comments?post=1115"}],"version-history":[{"count":0,"href":"https:\/\/sinprofaz.org.br\/2024\/wp-json\/wp\/v2\/posts\/1115\/revisions"}],"wp:attachment":[{"href":"https:\/\/sinprofaz.org.br\/2024\/wp-json\/wp\/v2\/media?parent=1115"}],"wp:term":[{"taxonomy":"category","embeddable":true,"href":"https:\/\/sinprofaz.org.br\/2024\/wp-json\/wp\/v2\/categories?post=1115"},{"taxonomy":"post_tag","embeddable":true,"href":"https:\/\/sinprofaz.org.br\/2024\/wp-json\/wp\/v2\/tags?post=1115"}],"curies":[{"name":"wp","href":"https:\/\/api.w.org\/{rel}","templated":true}]}}