{"id":11142,"date":"2020-02-04T16:42:43","date_gmt":"2020-02-04T19:42:43","guid":{"rendered":"http:\/\/www.sinprofaz.org.br\/?p=11142"},"modified":"2020-02-05T13:46:39","modified_gmt":"2020-02-05T16:46:39","slug":"sinprofaz-trabalha-pela-manutencao-de-prerrogativa-da-advocacia-publica","status":"publish","type":"post","link":"https:\/\/sinprofaz.org.br\/2024\/noticias\/sinprofaz-trabalha-pela-manutencao-de-prerrogativa-da-advocacia-publica\/","title":{"rendered":"SINPROFAZ TRABALHA PELA MANUTEN\u00c7\u00c3O DE PRERROGATIVA DA ADVOCACIA P\u00daBLICA"},"content":{"rendered":"<p>O SINPROFAZ, representado pelo presidente Jos\u00e9 Ernane Brito e pelo diretor Achilles Frias, esteve hoje (4) no Congresso Nacional. Na oportunidade, os representantes do Sindicato visitaram v\u00e1rios gabinetes, num trabalho parlamentar em defesa de prerrogativa da Carreira. Entre os deputados abordados, estiveram F\u00e1bio Trad (PSD\/MS), Jos\u00e9 Guimar\u00e3es (PT\/CE) e Maria do Ros\u00e1rio (PT\/RS), que manifestaram total apoio aos pleitos da Advocacia P\u00fablica.<\/p>\n<p>O PL 6381\/2019, apresentado no m\u00eas de dezembro pelo deputado Marcel Van Hattem (Novo\/RS), \u00e9 uma das motiva\u00e7\u00f5es do trabalho parlamentar. A proposta pretende revogar o \u00a719 do art. 85 do C\u00f3digo de Processo Civil. Antes de ser apreciado em plen\u00e1rio, no entanto, o PL deve passar pela Comiss\u00e3o de Constitui\u00e7\u00e3o e Justi\u00e7a e de Cidadania (CCJC) da C\u00e2mara, onde F\u00e1bio Trad, se reconduzido \u00e0 Comiss\u00e3o, tende a ser o relator do projeto.<\/p>\n<p>A PEC Emergencial tamb\u00e9m preocupa o Sindicato. Apresentada pelo l\u00edder do governo, senador Fernando Bezerra Coelho (MDB\/PE), a PEC faz parte do Plano Mais Brasil, um pacote de medidas que visam ao corte de gastos. No Congresso Nacional, o SINPROFAZ, juntamente com as demais entidades que comp\u00f5em o Movimento Nacional pela Advocacia P\u00fablica, atua para sensibilizar os parlamentares quanto ao retorno que a Carreira vem dando ao pa\u00eds e para ampliar o debate a respeito da PEC e do referido PL.<\/p>\n\n\t\t<style type=\"text\/css\">\n\t\t\t#gallery-1 {\n\t\t\t\tmargin: auto;\n\t\t\t}\n\t\t\t#gallery-1 .gallery-item {\n\t\t\t\tfloat: left;\n\t\t\t\tmargin-top: 10px;\n\t\t\t\ttext-align: center;\n\t\t\t\twidth: 33%;\n\t\t\t}\n\t\t\t#gallery-1 img {\n\t\t\t\tborder: 2px solid #cfcfcf;\n\t\t\t}\n\t\t\t#gallery-1 .gallery-caption {\n\t\t\t\tmargin-left: 0;\n\t\t\t}\n\t\t\t\/* see gallery_shortcode() in wp-includes\/media.php *\/\n\t\t<\/style>\n\t\t<div id='gallery-1' class='gallery galleryid-11142 gallery-columns-3 gallery-size-thumbnail'><dl class='gallery-item'>\n\t\t\t<dt class='gallery-icon landscape'>\n\t\t\t\t<a href='https:\/\/sinprofaz.org.br\/2024\/wp-content\/uploads\/2020\/02\/02.jpg'><img loading=\"lazy\" decoding=\"async\" width=\"150\" height=\"150\" src=\"https:\/\/sinprofaz.org.br\/2024\/wp-content\/uploads\/2020\/02\/02-150x150.jpg\" class=\"attachment-thumbnail size-thumbnail\" alt=\"\" \/><\/a>\n\t\t\t<\/dt><\/dl><dl class='gallery-item'>\n\t\t\t<dt class='gallery-icon landscape'>\n\t\t\t\t<a href='https:\/\/sinprofaz.org.br\/2024\/wp-content\/uploads\/2020\/02\/03.jpg'><img loading=\"lazy\" decoding=\"async\" width=\"150\" height=\"150\" src=\"https:\/\/sinprofaz.org.br\/2024\/wp-content\/uploads\/2020\/02\/03-150x150.jpg\" class=\"attachment-thumbnail size-thumbnail\" alt=\"\" \/><\/a>\n\t\t\t<\/dt><\/dl><dl class='gallery-item'>\n\t\t\t<dt class='gallery-icon landscape'>\n\t\t\t\t<a href='https:\/\/sinprofaz.org.br\/2024\/wp-content\/uploads\/2020\/02\/04.jpg'><img loading=\"lazy\" decoding=\"async\" width=\"150\" height=\"150\" src=\"https:\/\/sinprofaz.org.br\/2024\/wp-content\/uploads\/2020\/02\/04-150x150.jpg\" class=\"attachment-thumbnail size-thumbnail\" alt=\"\" \/><\/a>\n\t\t\t<\/dt><\/dl><br style=\"clear: both\" \/><dl class='gallery-item'>\n\t\t\t<dt class='gallery-icon landscape'>\n\t\t\t\t<a href='https:\/\/sinprofaz.org.br\/2024\/wp-content\/uploads\/2020\/02\/05.jpg'><img loading=\"lazy\" decoding=\"async\" width=\"150\" height=\"150\" src=\"https:\/\/sinprofaz.org.br\/2024\/wp-content\/uploads\/2020\/02\/05-150x150.jpg\" class=\"attachment-thumbnail size-thumbnail\" alt=\"\" \/><\/a>\n\t\t\t<\/dt><\/dl><dl class='gallery-item'>\n\t\t\t<dt class='gallery-icon landscape'>\n\t\t\t\t<a href='https:\/\/sinprofaz.org.br\/2024\/wp-content\/uploads\/2020\/02\/06.jpg'><img loading=\"lazy\" decoding=\"async\" width=\"150\" height=\"150\" src=\"https:\/\/sinprofaz.org.br\/2024\/wp-content\/uploads\/2020\/02\/06-150x150.jpg\" class=\"attachment-thumbnail size-thumbnail\" alt=\"\" \/><\/a>\n\t\t\t<\/dt><\/dl>\n\t\t\t<br style='clear: both' \/>\n\t\t<\/div>\n\n","protected":false},"excerpt":{"rendered":"<p>O SINPROFAZ, representado pelo presidente Jos\u00e9 Ernane Brito e pelo diretor Achilles Frias, esteve no Congresso Nacional. Os representantes do Sindicato visitaram v\u00e1rios gabinetes, num trabalho parlamentar em defesa de prerrogativa da Carreira.<\/p>\n","protected":false},"author":2,"featured_media":11143,"comment_status":"open","ping_status":"open","sticky":false,"template":"","format":"standard","meta":{"footnotes":""},"categories":[8],"tags":[32,73,51],"featured_image_url":"https:\/\/sinprofaz.org.br\/2024\/wp-content\/uploads\/2020\/02\/01.jpg","character_count":899,"formatted_date":"04\/02\/2020 - 16:42","contentNovo":"O SINPROFAZ, representado pelo presidente Jos\u00e9 Ernane Brito e pelo diretor Achilles Frias, esteve hoje (4) no Congresso Nacional. Na oportunidade, os representantes do Sindicato visitaram v\u00e1rios gabinetes, num trabalho parlamentar em defesa de prerrogativa da Carreira. Entre os deputados abordados, estiveram F\u00e1bio Trad (PSD\/MS), Jos\u00e9 Guimar\u00e3es (PT\/CE) e Maria do Ros\u00e1rio (PT\/RS), que manifestaram total apoio aos pleitos da Advocacia P\u00fablica.\r\n\r\nO PL 6381\/2019, apresentado no m\u00eas de dezembro pelo deputado Marcel Van Hattem (Novo\/RS), \u00e9 uma das motiva\u00e7\u00f5es do trabalho parlamentar. A proposta pretende revogar o \u00a719 do art. 85 do C\u00f3digo de Processo Civil. Antes de ser apreciado em plen\u00e1rio, no entanto, o PL deve passar pela Comiss\u00e3o de Constitui\u00e7\u00e3o e Justi\u00e7a e de Cidadania (CCJC) da C\u00e2mara, onde F\u00e1bio Trad, se reconduzido \u00e0 Comiss\u00e3o, tende a ser o relator do projeto.\r\n\r\nA PEC Emergencial tamb\u00e9m preocupa o Sindicato. Apresentada pelo l\u00edder do governo, senador Fernando Bezerra Coelho (MDB\/PE), a PEC faz parte do Plano Mais Brasil, um pacote de medidas que visam ao corte de gastos. No Congresso Nacional, o SINPROFAZ, juntamente com as demais entidades que comp\u00f5em o Movimento Nacional pela Advocacia P\u00fablica, atua para sensibilizar os parlamentares quanto ao retorno que a Carreira vem dando ao pa\u00eds e para ampliar o debate a respeito da PEC e do referido PL.\r\n\r\n[gallery link=\"file\" ids=\"11144,11145,11146,11147,11148\"]","_links":{"self":[{"href":"https:\/\/sinprofaz.org.br\/2024\/wp-json\/wp\/v2\/posts\/11142"}],"collection":[{"href":"https:\/\/sinprofaz.org.br\/2024\/wp-json\/wp\/v2\/posts"}],"about":[{"href":"https:\/\/sinprofaz.org.br\/2024\/wp-json\/wp\/v2\/types\/post"}],"author":[{"embeddable":true,"href":"https:\/\/sinprofaz.org.br\/2024\/wp-json\/wp\/v2\/users\/2"}],"replies":[{"embeddable":true,"href":"https:\/\/sinprofaz.org.br\/2024\/wp-json\/wp\/v2\/comments?post=11142"}],"version-history":[{"count":2,"href":"https:\/\/sinprofaz.org.br\/2024\/wp-json\/wp\/v2\/posts\/11142\/revisions"}],"predecessor-version":[{"id":11157,"href":"https:\/\/sinprofaz.org.br\/2024\/wp-json\/wp\/v2\/posts\/11142\/revisions\/11157"}],"wp:featuredmedia":[{"embeddable":true,"href":"https:\/\/sinprofaz.org.br\/2024\/wp-json\/wp\/v2\/media\/11143"}],"wp:attachment":[{"href":"https:\/\/sinprofaz.org.br\/2024\/wp-json\/wp\/v2\/media?parent=11142"}],"wp:term":[{"taxonomy":"category","embeddable":true,"href":"https:\/\/sinprofaz.org.br\/2024\/wp-json\/wp\/v2\/categories?post=11142"},{"taxonomy":"post_tag","embeddable":true,"href":"https:\/\/sinprofaz.org.br\/2024\/wp-json\/wp\/v2\/tags?post=11142"}],"curies":[{"name":"wp","href":"https:\/\/api.w.org\/{rel}","templated":true}]}}