{"id":11134,"date":"2020-01-31T09:16:16","date_gmt":"2020-01-31T12:16:16","guid":{"rendered":"http:\/\/www.sinprofaz.org.br\/?p=11134"},"modified":"2020-01-31T09:16:16","modified_gmt":"2020-01-31T12:16:16","slug":"em-entrevista-professor-apresenta-proposta-de-reforma-tributaria","status":"publish","type":"post","link":"https:\/\/sinprofaz.org.br\/2024\/noticias\/em-entrevista-professor-apresenta-proposta-de-reforma-tributaria\/","title":{"rendered":"EM ENTREVISTA, PROFESSOR APRESENTA PROPOSTA DE REFORMA TRIBUT\u00c1RIA"},"content":{"rendered":"<p>A reforma tribut\u00e1ria foi tema da palestra de Eurico Marcos Diniz de Santi durante o 19\u00ba Encontro do SINPROFAZ. Diretor do Centro de Cidadania Fiscal (CCiF) e professor da Funda\u00e7\u00e3o Get\u00falio Vargas, de Santi concedeu entrevista na oportunidade do evento. \u00c0 TV SINPROFAZ, o professor fez elogios \u00e0 atua\u00e7\u00e3o do Sindicato que, segundo ele, \u00e9 exemplo de institui\u00e7\u00e3o que dialoga com o poder p\u00fablico e com o cidad\u00e3o.<\/p>\n<p>&#8220;Pessoas jur\u00eddicas, empresas, n\u00e3o pagam impostos. Quem paga imposto \u00e9 o cidad\u00e3o. O grande desenho dessa proposta de reforma tribut\u00e1ria que apresento ao SINPROFAZ e submeto aos procuradores da Fazenda Nacional \u2013 quero trazer essa &#8220;tropa de elite&#8221; para que sejam os protagonistas do projeto \u2013 \u00e9 justamente uma nova abordagem em que a cidadania importa.&#8221;<\/p>\n<p>Confira a entrevista completa: <a href=\"http:\/\/bit.ly\/36D7BL2\" target=\"_blank\" rel=\"noopener\">bit.ly\/36D7BL2<\/a><\/p>\n","protected":false},"excerpt":{"rendered":"<p>A reforma tribut\u00e1ria foi tema da palestra de Eurico Marcos Diniz de Santi durante o 19\u00ba Encontro do SINPROFAZ. Diretor do Centro de Cidadania Fiscal (CCiF) e professor da Funda\u00e7\u00e3o Get\u00falio Vargas, de Santi concedeu entrevista na oportunidade do evento.<\/p>\n","protected":false},"author":2,"featured_media":11135,"comment_status":"open","ping_status":"open","sticky":false,"template":"","format":"standard","meta":{"footnotes":""},"categories":[8],"tags":[32,62,25],"featured_image_url":"https:\/\/sinprofaz.org.br\/2024\/wp-content\/uploads\/2020\/01\/nota-31-01-capa.jpg","character_count":427,"formatted_date":"31\/01\/2020 - 09:16","contentNovo":"A reforma tribut\u00e1ria foi tema da palestra de Eurico Marcos Diniz de Santi durante o 19\u00ba Encontro do SINPROFAZ. Diretor do Centro de Cidadania Fiscal (CCiF) e professor da Funda\u00e7\u00e3o Get\u00falio Vargas, de Santi concedeu entrevista na oportunidade do evento. \u00c0 TV SINPROFAZ, o professor fez elogios \u00e0 atua\u00e7\u00e3o do Sindicato que, segundo ele, \u00e9 exemplo de institui\u00e7\u00e3o que dialoga com o poder p\u00fablico e com o cidad\u00e3o.\r\n\r\n\"Pessoas jur\u00eddicas, empresas, n\u00e3o pagam impostos. Quem paga imposto \u00e9 o cidad\u00e3o. O grande desenho dessa proposta de reforma tribut\u00e1ria que apresento ao SINPROFAZ e submeto aos procuradores da Fazenda Nacional \u2013 quero trazer essa \"tropa de elite\" para que sejam os protagonistas do projeto \u2013 \u00e9 justamente uma nova abordagem em que a cidadania importa.\"\r\n\r\nConfira a entrevista completa: <a href=\"http:\/\/bit.ly\/36D7BL2\" target=\"_blank\" rel=\"noopener\">bit.ly\/36D7BL2<\/a>","_links":{"self":[{"href":"https:\/\/sinprofaz.org.br\/2024\/wp-json\/wp\/v2\/posts\/11134"}],"collection":[{"href":"https:\/\/sinprofaz.org.br\/2024\/wp-json\/wp\/v2\/posts"}],"about":[{"href":"https:\/\/sinprofaz.org.br\/2024\/wp-json\/wp\/v2\/types\/post"}],"author":[{"embeddable":true,"href":"https:\/\/sinprofaz.org.br\/2024\/wp-json\/wp\/v2\/users\/2"}],"replies":[{"embeddable":true,"href":"https:\/\/sinprofaz.org.br\/2024\/wp-json\/wp\/v2\/comments?post=11134"}],"version-history":[{"count":1,"href":"https:\/\/sinprofaz.org.br\/2024\/wp-json\/wp\/v2\/posts\/11134\/revisions"}],"predecessor-version":[{"id":11136,"href":"https:\/\/sinprofaz.org.br\/2024\/wp-json\/wp\/v2\/posts\/11134\/revisions\/11136"}],"wp:featuredmedia":[{"embeddable":true,"href":"https:\/\/sinprofaz.org.br\/2024\/wp-json\/wp\/v2\/media\/11135"}],"wp:attachment":[{"href":"https:\/\/sinprofaz.org.br\/2024\/wp-json\/wp\/v2\/media?parent=11134"}],"wp:term":[{"taxonomy":"category","embeddable":true,"href":"https:\/\/sinprofaz.org.br\/2024\/wp-json\/wp\/v2\/categories?post=11134"},{"taxonomy":"post_tag","embeddable":true,"href":"https:\/\/sinprofaz.org.br\/2024\/wp-json\/wp\/v2\/tags?post=11134"}],"curies":[{"name":"wp","href":"https:\/\/api.w.org\/{rel}","templated":true}]}}