{"id":1109,"date":"2012-12-07T11:59:26","date_gmt":"2012-12-07T11:59:26","guid":{"rendered":""},"modified":"-0001-11-30T00:00:00","modified_gmt":"-0001-11-30T03:00:00","slug":"camara-aprova-reajuste-para-servidores-da-uniao","status":"publish","type":"post","link":"https:\/\/sinprofaz.org.br\/2024\/noticias\/camara-aprova-reajuste-para-servidores-da-uniao\/","title":{"rendered":"C\u00e2mara aprova reajuste para servidores da Uni\u00e3o"},"content":{"rendered":"<p>Em regime de urg\u00eancia urgent\u00edssima, o plen\u00e1rio da C\u00e2mara dos Deputados aprovou, em sess\u00e3o extraordin\u00e1ria na manh\u00e3 de quinta-feira (6), o <a href=\"http:\/\/www.camara.gov.br\/internet\/sileg\/Prop_Detalhe.asp?id=554200\" target=\"_blank\">PL 4371\/2012<\/a>, que trata do reajuste de diversas carreiras remuneradas sob a forma de subs\u00eddio, entre as quais as de Procurador da Fazenda Nacional, Advogado da Uni\u00e3o, Procurador Federal, Defensor P\u00fablico da Uni\u00e3o e de Procurador do Banco Central do Brasil.<\/p>\n<p>O projeto, que segue para vota\u00e7\u00e3o conclusiva na ter\u00e7a (11) ou quarta (12) no plen\u00e1rio do Senado e posteriormente para a san\u00e7\u00e3o presidencial, formaliza a proposta de reajuste para o per\u00edodo de 2013 a 2015, resultante dos acordos assinados com as entidades representativas dos servidores p\u00fablicos, como desfecho das negocia\u00e7\u00f5es, pelo qual haver\u00e1 reajuste de 5% em cada um nos pr\u00f3ximos tr\u00eas anos, totalizando 15,8%.<\/p>\n","protected":false},"excerpt":{"rendered":"<p>Projeto que reajusta subs\u00eddio dos Procuradores da Fazenda ser\u00e1 votado no Senado e enviado \u00e0 san\u00e7\u00e3o presidencial na pr\u00f3xima semana.<\/p>\n","protected":false},"author":1,"featured_media":0,"comment_status":"closed","ping_status":"open","sticky":false,"template":"","format":"standard","meta":{"footnotes":""},"categories":[8],"tags":[],"featured_image_url":"https:\/\/dummyimage.com\/720x400","character_count":416,"formatted_date":"07\/12\/2012 - 11:59","contentNovo":"\r\n<p>Em regime de urg\u00eancia urgent\u00edssima, o plen\u00e1rio da C\u00e2mara dos Deputados aprovou, em sess\u00e3o extraordin\u00e1ria na manh\u00e3 de quinta-feira (6), o <a href=\"http:\/\/www.camara.gov.br\/internet\/sileg\/Prop_Detalhe.asp?id=554200\" target=\"_blank\">PL 4371\/2012<\/a>, que trata do reajuste de diversas carreiras remuneradas sob a forma de subs\u00eddio, entre as quais as de Procurador da Fazenda Nacional, Advogado da Uni\u00e3o, Procurador Federal, Defensor P\u00fablico da Uni\u00e3o e de Procurador do Banco Central do Brasil.<\/p>\r\n<p>O projeto, que segue para vota\u00e7\u00e3o conclusiva na ter\u00e7a (11) ou quarta (12) no plen\u00e1rio do Senado e posteriormente para a san\u00e7\u00e3o presidencial, formaliza a proposta de reajuste para o per\u00edodo de 2013 a 2015, resultante dos acordos assinados com as entidades representativas dos servidores p\u00fablicos, como desfecho das negocia\u00e7\u00f5es, pelo qual haver\u00e1 reajuste de 5% em cada um nos pr\u00f3ximos tr\u00eas anos, totalizando 15,8%.<\/p>","_links":{"self":[{"href":"https:\/\/sinprofaz.org.br\/2024\/wp-json\/wp\/v2\/posts\/1109"}],"collection":[{"href":"https:\/\/sinprofaz.org.br\/2024\/wp-json\/wp\/v2\/posts"}],"about":[{"href":"https:\/\/sinprofaz.org.br\/2024\/wp-json\/wp\/v2\/types\/post"}],"author":[{"embeddable":true,"href":"https:\/\/sinprofaz.org.br\/2024\/wp-json\/wp\/v2\/users\/1"}],"replies":[{"embeddable":true,"href":"https:\/\/sinprofaz.org.br\/2024\/wp-json\/wp\/v2\/comments?post=1109"}],"version-history":[{"count":0,"href":"https:\/\/sinprofaz.org.br\/2024\/wp-json\/wp\/v2\/posts\/1109\/revisions"}],"wp:attachment":[{"href":"https:\/\/sinprofaz.org.br\/2024\/wp-json\/wp\/v2\/media?parent=1109"}],"wp:term":[{"taxonomy":"category","embeddable":true,"href":"https:\/\/sinprofaz.org.br\/2024\/wp-json\/wp\/v2\/categories?post=1109"},{"taxonomy":"post_tag","embeddable":true,"href":"https:\/\/sinprofaz.org.br\/2024\/wp-json\/wp\/v2\/tags?post=1109"}],"curies":[{"name":"wp","href":"https:\/\/api.w.org\/{rel}","templated":true}]}}