{"id":1107,"date":"2012-12-05T15:48:29","date_gmt":"2012-12-05T15:48:29","guid":{"rendered":""},"modified":"-0001-11-30T00:00:00","modified_gmt":"-0001-11-30T03:00:00","slug":"12o-encontro-sinprofaz-divulga-programacao-do-evento","status":"publish","type":"post","link":"https:\/\/sinprofaz.org.br\/2024\/noticias\/12o-encontro-sinprofaz-divulga-programacao-do-evento\/","title":{"rendered":"12\u00ba Encontro: SINPROFAZ divulga programa\u00e7\u00e3o do evento"},"content":{"rendered":"<p>O evento ser\u00e1 realizado no Iberostar Praia do Forte\/BA, tendo como tem\u00e1tica central \u201cO fortalecimento da AGU e da PGFN como institui\u00e7\u00f5es essenciais ao combate \u00e0 sonega\u00e7\u00e3o e \u00e0 corrup\u00e7\u00e3o.\u201d<\/p>\n<p>Veja a programa\u00e7\u00e3o completa do Encontro:<\/p>\n<p><b>1\u00ba DIA \u2013 06\/12\/12 QUINTA-FEIRA<\/b><\/p>\n<p><b>17:30 h<\/b> \u2013 <b>Composi\u00e7\u00e3o Mesa de abertura:<br \/><\/b>1 &#8211; Presidente do SINPROFAZ &#8211; Allan Titonelli<br \/>2 \u2013 Deputado Federal &#8211; S\u00e9rgio Barradas<br \/>3 &#8211; Deputado Federal &#8211; F\u00e1bio Trad<br \/>4 &#8211; Embaixador, Presidente do ETCO &#8211; Roberto Abdenur<br \/>5 \u2013 Governador da Bahia &#8211; Jaques Wagner<br \/>6 \u2013 Presidente da Assembl\u00e9ia Legislativa da Bahia &#8211; Marcelo Nilo<\/p>\n<p><b>18:30 h<\/b> &#8211; Tema 1: O Trabalho da Frente Parlamentar em Defesa da Advocacia P\u00fablica.<br \/>Palestrante: <b>Deputado Federal F\u00e1bio Trad<\/b><\/p>\n<p><b>19:40 h<\/b> <b>&#8211;<\/b> Tema 2: A Advocacia P\u00fablica no novo CPC: garantias e prerrogativas<br \/>Palestrante: <b>Deputado Federal S\u00e9rgio Barradas Carneiro<\/b><\/p>\n<p><b>20:00 h<\/b> <b>&#8211;<\/b> Tema 3: A atua\u00e7\u00e3o do Etco no Combate \u00e0 Sonega\u00e7\u00e3o<br \/>Palestrante: Embaixador, Presidente do ETCO &#8211; <b>Roberto Abdenur<\/b><\/p>\n<p><b><br \/>2\u00ba DIA \u2013 07\/12\/12 SEXTA-FEIRA<\/b><\/p>\n<p><b>17:30 h \u2013 Composi\u00e7\u00e3o da Mesa de Abertura<\/b><\/p>\n<p><b>18:00 h<\/b> &#8211; Tema 1: A Advocacia P\u00fablica como Fun\u00e7\u00e3o Essencial \u00e0 Justi\u00e7a<br \/>Palestrante: Secret\u00e1rio de Reforma do Judici\u00e1rio \u2013 <b>Fl\u00e1vio Caetano <\/b><\/p>\n<p><b>19:00 h<\/b> &#8211; Tema 2: O papel da PGFN no combate \u00e0 concorr\u00eancia desleal e \u00e0 sonega\u00e7\u00e3o fiscal<br \/>Palestrantes: Procurador da Fazenda Nacional &#8211; <b>Jo\u00e3o Batista Figueiredo<\/b>;<br \/>Procurador da Fazenda Nacional &#8211; <b>Matheus Carneiro Assun\u00e7\u00e3o.<\/b><\/p>\n<p><b>20:00 h &#8211; <\/b>Tema 3: Preserva\u00e7\u00e3o da Advocacia de Estado no PLP 205\/2012: Exclusividade das atribui\u00e7\u00f5es Constitucionais e garantida da independ\u00eancia t\u00e9cnica.<br \/>Palestrantes: <b>Luciane Moessa<\/b> \/ <b>Djalma Pinto<\/b><\/p>\n<p><b>3\u00ba DIA &#8211; 08\/12\/12 S\u00c1BADO<\/b><\/p>\n<p><b>17:30 h \u2013 Composi\u00e7\u00e3o de mesa de autoridades<\/b><\/p>\n<p><b>18:00 h<\/b> <b>\u2013<\/b> Tema 1: Honor\u00e1rios como Direito Aut\u00f4nomo do Advogado, seja P\u00fablico ou Privado.<br \/>Palestrante : Procurador do Munic\u00edpio de S\u00e3o Paulo,<b> Carlos Mour\u00e3o<\/b><\/p>\n<p><b>19:00 &#8211;<\/b> Tema 2: Prerrogativas da Advocacia P\u00fablica<br \/>Palestrante: <b>Ricardo Marcondes Martins<\/b> (SP); Doutor e Mestre em Direito Administrativo da PUC\/SP; Professor de Direito Administrativo da PUC\/SP; Procurador do Munic\u00edpio de S\u00e3o Paulo.<\/p>\n<p><b>20:00 h<\/b> <b>&#8211;<\/b> Tema 3: Judicializa\u00e7\u00e3o da Pol\u00edtica e independ\u00eancia entre os Poderes.<br \/>Palestrante: Procurador da Rep\u00fablica, <b>Daniel Sarmento<\/b><\/p>\n","protected":false},"excerpt":{"rendered":"<p>Nos pr\u00f3ximos dias 6 a 9 de dezembro, Procuradores da Fazenda de todo o Brasil v\u00e3o se reunir em mais uma edi\u00e7\u00e3o do Encontro Nacional da Carreira.<\/p>\n","protected":false},"author":1,"featured_media":0,"comment_status":"closed","ping_status":"open","sticky":false,"template":"","format":"standard","meta":{"footnotes":""},"categories":[8],"tags":[],"featured_image_url":"https:\/\/dummyimage.com\/720x400","character_count":1187,"formatted_date":"05\/12\/2012 - 15:48","contentNovo":"\r\n<p>O evento ser\u00e1 realizado no Iberostar Praia do Forte\/BA, tendo como tem\u00e1tica central \u201cO fortalecimento da AGU e da PGFN como institui\u00e7\u00f5es essenciais ao combate \u00e0 sonega\u00e7\u00e3o e \u00e0 corrup\u00e7\u00e3o.\u201d<\/p>\r\n<p>Veja a programa\u00e7\u00e3o completa do Encontro:<\/p>\r\n<p>1\u00ba DIA \u2013 06\/12\/12 QUINTA-FEIRA<\/p>\r\n<p>17:30 h \u2013 Composi\u00e7\u00e3o Mesa de abertura:1 - Presidente do SINPROFAZ - Allan Titonelli2 \u2013 Deputado Federal - S\u00e9rgio Barradas3 - Deputado Federal - F\u00e1bio Trad4 - Embaixador, Presidente do ETCO - Roberto Abdenur5 \u2013 Governador da Bahia - Jaques Wagner6 \u2013 Presidente da Assembl\u00e9ia Legislativa da Bahia - Marcelo Nilo<\/p>\r\n<p>18:30 h - Tema 1: O Trabalho da Frente Parlamentar em Defesa da Advocacia P\u00fablica.Palestrante: Deputado Federal F\u00e1bio Trad<\/p>\r\n<p>19:40 h - Tema 2: A Advocacia P\u00fablica no novo CPC: garantias e prerrogativasPalestrante: Deputado Federal S\u00e9rgio Barradas Carneiro<\/p>\r\n<p>20:00 h - Tema 3: A atua\u00e7\u00e3o do Etco no Combate \u00e0 Sonega\u00e7\u00e3oPalestrante: Embaixador, Presidente do ETCO - Roberto Abdenur<\/p>\r\n<p>2\u00ba DIA \u2013 07\/12\/12 SEXTA-FEIRA<\/p>\r\n<p>17:30 h \u2013 Composi\u00e7\u00e3o da Mesa de Abertura<\/p>\r\n<p>18:00 h - Tema 1: A Advocacia P\u00fablica como Fun\u00e7\u00e3o Essencial \u00e0 Justi\u00e7aPalestrante: Secret\u00e1rio de Reforma do Judici\u00e1rio \u2013 Fl\u00e1vio Caetano <\/p>\r\n<p>19:00 h - Tema 2: O papel da PGFN no combate \u00e0 concorr\u00eancia desleal e \u00e0 sonega\u00e7\u00e3o fiscalPalestrantes: Procurador da Fazenda Nacional - Jo\u00e3o Batista Figueiredo;Procurador da Fazenda Nacional - Matheus Carneiro Assun\u00e7\u00e3o.<\/p>\r\n<p>20:00 h - Tema 3: Preserva\u00e7\u00e3o da Advocacia de Estado no PLP 205\/2012: Exclusividade das atribui\u00e7\u00f5es Constitucionais e garantida da independ\u00eancia t\u00e9cnica.Palestrantes: Luciane Moessa \/ Djalma Pinto<\/p>\r\n<p>3\u00ba DIA - 08\/12\/12 S\u00c1BADO<\/p>\r\n<p>17:30 h \u2013 Composi\u00e7\u00e3o de mesa de autoridades<\/p>\r\n<p>18:00 h \u2013 Tema 1: Honor\u00e1rios como Direito Aut\u00f4nomo do Advogado, seja P\u00fablico ou Privado.Palestrante : Procurador do Munic\u00edpio de S\u00e3o Paulo, Carlos Mour\u00e3o<\/p>\r\n<p>19:00 - Tema 2: Prerrogativas da Advocacia P\u00fablicaPalestrante: Ricardo Marcondes Martins (SP); Doutor e Mestre em Direito Administrativo da PUC\/SP; Professor de Direito Administrativo da PUC\/SP; Procurador do Munic\u00edpio de S\u00e3o Paulo.<\/p>\r\n<p>20:00 h - Tema 3: Judicializa\u00e7\u00e3o da Pol\u00edtica e independ\u00eancia entre os Poderes.Palestrante: Procurador da Rep\u00fablica, Daniel Sarmento<\/p>","_links":{"self":[{"href":"https:\/\/sinprofaz.org.br\/2024\/wp-json\/wp\/v2\/posts\/1107"}],"collection":[{"href":"https:\/\/sinprofaz.org.br\/2024\/wp-json\/wp\/v2\/posts"}],"about":[{"href":"https:\/\/sinprofaz.org.br\/2024\/wp-json\/wp\/v2\/types\/post"}],"author":[{"embeddable":true,"href":"https:\/\/sinprofaz.org.br\/2024\/wp-json\/wp\/v2\/users\/1"}],"replies":[{"embeddable":true,"href":"https:\/\/sinprofaz.org.br\/2024\/wp-json\/wp\/v2\/comments?post=1107"}],"version-history":[{"count":0,"href":"https:\/\/sinprofaz.org.br\/2024\/wp-json\/wp\/v2\/posts\/1107\/revisions"}],"wp:attachment":[{"href":"https:\/\/sinprofaz.org.br\/2024\/wp-json\/wp\/v2\/media?parent=1107"}],"wp:term":[{"taxonomy":"category","embeddable":true,"href":"https:\/\/sinprofaz.org.br\/2024\/wp-json\/wp\/v2\/categories?post=1107"},{"taxonomy":"post_tag","embeddable":true,"href":"https:\/\/sinprofaz.org.br\/2024\/wp-json\/wp\/v2\/tags?post=1107"}],"curies":[{"name":"wp","href":"https:\/\/api.w.org\/{rel}","templated":true}]}}