{"id":11027,"date":"2020-01-15T08:28:41","date_gmt":"2020-01-15T11:28:41","guid":{"rendered":"http:\/\/www.sinprofaz.org.br\/?p=11027"},"modified":"2020-01-16T09:30:04","modified_gmt":"2020-01-16T12:30:04","slug":"sinprofaz-recebe-reuniao-do-movimento-nacional-pela-advocacia-publica-para-discutir-estrategias-em-defesa-de-prerrogativas-das-carreiras","status":"publish","type":"post","link":"https:\/\/sinprofaz.org.br\/2024\/noticias\/sinprofaz-recebe-reuniao-do-movimento-nacional-pela-advocacia-publica-para-discutir-estrategias-em-defesa-de-prerrogativas-das-carreiras\/","title":{"rendered":"SINPROFAZ recebe Movimento Nacional pela Advocacia P\u00fablica para discutir defesa de prerrogativas das carreiras"},"content":{"rendered":"<p>Nesta ter\u00e7a-feira (14), o Sindicato Nacional dos Procuradores da Fazenda Nacional (SINPROFAZ) sediou uma reuni\u00e3o do Movimento Nacional pela Advocacia P\u00fablica para debater assuntos de interesse dos Advogados P\u00fablicos. Representando o Sindicato, participaram do encontro o vice-presidente Roberto Rodrigues e os diretores Achilles Frias e Giuliano Menezes.<\/p>\n<p>Durante a reuni\u00e3o, foram tra\u00e7adas estrat\u00e9gias de atua\u00e7\u00e3o em defesa de prerrogativas dos membros da Advocacia P\u00fablica. Os dirigentes discutiram formas de mobiliza\u00e7\u00e3o de trabalho em Bras\u00edlia e nas bases, tendo em vista o retorno dos trabalhos parlamentares, previsto para o in\u00edcio de fevereiro.<\/p>\n<p>Estiveram presentes as seguintes entidades nas pessoas dos seus presidentes: Associa\u00e7\u00e3o Nacional dos Procuradores dos Estados e do Distrito Federal (ANAPE), Associa\u00e7\u00e3o Nacional dos Procuradores Municipais (ANPM), Associa\u00e7\u00e3o Nacional dos Advogados da Uni\u00e3o (ANAUNI), Associa\u00e7\u00e3o Nacional dos Membros das Carreiras da Advocacia-Geral da Uni\u00e3o (ANAJUR) e Associa\u00e7\u00e3o Nacional dos Advogados P\u00fablicos Federais (ANAFE).<\/p>\n<p>Para avaliar e estabelecer estrat\u00e9gias conjuntas, outras reuni\u00f5es do movimento devem ocorrer periodicamente em breve.<\/p>\n\n\t\t<style type=\"text\/css\">\n\t\t\t#gallery-1 {\n\t\t\t\tmargin: auto;\n\t\t\t}\n\t\t\t#gallery-1 .gallery-item {\n\t\t\t\tfloat: left;\n\t\t\t\tmargin-top: 10px;\n\t\t\t\ttext-align: center;\n\t\t\t\twidth: 33%;\n\t\t\t}\n\t\t\t#gallery-1 img {\n\t\t\t\tborder: 2px solid #cfcfcf;\n\t\t\t}\n\t\t\t#gallery-1 .gallery-caption {\n\t\t\t\tmargin-left: 0;\n\t\t\t}\n\t\t\t\/* see gallery_shortcode() in wp-includes\/media.php *\/\n\t\t<\/style>\n\t\t<div id='gallery-1' class='gallery galleryid-11027 gallery-columns-3 gallery-size-thumbnail'><dl class='gallery-item'>\n\t\t\t<dt class='gallery-icon landscape'>\n\t\t\t\t<a href='https:\/\/sinprofaz.org.br\/2024\/wp-content\/uploads\/2020\/01\/01-3.jpg'><img loading=\"lazy\" decoding=\"async\" width=\"150\" height=\"150\" src=\"https:\/\/sinprofaz.org.br\/2024\/wp-content\/uploads\/2020\/01\/01-3-150x150.jpg\" class=\"attachment-thumbnail size-thumbnail\" alt=\"\" \/><\/a>\n\t\t\t<\/dt><\/dl><dl class='gallery-item'>\n\t\t\t<dt class='gallery-icon landscape'>\n\t\t\t\t<a href='https:\/\/sinprofaz.org.br\/2024\/wp-content\/uploads\/2020\/01\/02-2.jpg'><img loading=\"lazy\" decoding=\"async\" width=\"150\" height=\"150\" src=\"https:\/\/sinprofaz.org.br\/2024\/wp-content\/uploads\/2020\/01\/02-2-150x150.jpg\" class=\"attachment-thumbnail size-thumbnail\" alt=\"\" \/><\/a>\n\t\t\t<\/dt><\/dl><dl class='gallery-item'>\n\t\t\t<dt class='gallery-icon landscape'>\n\t\t\t\t<a href='https:\/\/sinprofaz.org.br\/2024\/wp-content\/uploads\/2020\/01\/03-2.jpg'><img loading=\"lazy\" decoding=\"async\" width=\"150\" height=\"150\" src=\"https:\/\/sinprofaz.org.br\/2024\/wp-content\/uploads\/2020\/01\/03-2-150x150.jpg\" class=\"attachment-thumbnail size-thumbnail\" alt=\"\" \/><\/a>\n\t\t\t<\/dt><\/dl><br style=\"clear: both\" \/>\n\t\t<\/div>\n\n","protected":false},"excerpt":{"rendered":"<p>Vice-presidente, Roberto Rodrigues, e diretores Achilles Frias e Giuliano Menezes estiveram presentes, junto das entidades da Advocacia P\u00fablica.<\/p>\n","protected":false},"author":2,"featured_media":11031,"comment_status":"open","ping_status":"open","sticky":false,"template":"","format":"standard","meta":{"footnotes":""},"categories":[8],"tags":[],"featured_image_url":"https:\/\/sinprofaz.org.br\/2024\/wp-content\/uploads\/2020\/01\/site-capa.png","character_count":793,"formatted_date":"15\/01\/2020 - 08:28","contentNovo":"Nesta ter\u00e7a-feira (14), o Sindicato Nacional dos Procuradores da Fazenda Nacional (SINPROFAZ) sediou uma reuni\u00e3o do Movimento Nacional pela Advocacia P\u00fablica para debater assuntos de interesse dos Advogados P\u00fablicos. Representando o Sindicato, participaram do encontro o vice-presidente Roberto Rodrigues e os diretores Achilles Frias e Giuliano Menezes.\r\n\r\nDurante a reuni\u00e3o, foram tra\u00e7adas estrat\u00e9gias de atua\u00e7\u00e3o em defesa de prerrogativas dos membros da Advocacia P\u00fablica. Os dirigentes discutiram formas de mobiliza\u00e7\u00e3o de trabalho em Bras\u00edlia e nas bases, tendo em vista o retorno dos trabalhos parlamentares, previsto para o in\u00edcio de fevereiro.\r\n\r\nEstiveram presentes as seguintes entidades nas pessoas dos seus presidentes: Associa\u00e7\u00e3o Nacional dos Procuradores dos Estados e do Distrito Federal (ANAPE), Associa\u00e7\u00e3o Nacional dos Procuradores Municipais (ANPM), Associa\u00e7\u00e3o Nacional dos Advogados da Uni\u00e3o (ANAUNI), Associa\u00e7\u00e3o Nacional dos Membros das Carreiras da Advocacia-Geral da Uni\u00e3o (ANAJUR) e Associa\u00e7\u00e3o Nacional dos Advogados P\u00fablicos Federais (ANAFE).\r\n\r\nPara avaliar e estabelecer estrat\u00e9gias conjuntas, outras reuni\u00f5es do movimento devem ocorrer periodicamente em breve.\r\n\r\n[gallery link=\"file\" ids=\"11028,11029,11030\"]","_links":{"self":[{"href":"https:\/\/sinprofaz.org.br\/2024\/wp-json\/wp\/v2\/posts\/11027"}],"collection":[{"href":"https:\/\/sinprofaz.org.br\/2024\/wp-json\/wp\/v2\/posts"}],"about":[{"href":"https:\/\/sinprofaz.org.br\/2024\/wp-json\/wp\/v2\/types\/post"}],"author":[{"embeddable":true,"href":"https:\/\/sinprofaz.org.br\/2024\/wp-json\/wp\/v2\/users\/2"}],"replies":[{"embeddable":true,"href":"https:\/\/sinprofaz.org.br\/2024\/wp-json\/wp\/v2\/comments?post=11027"}],"version-history":[{"count":9,"href":"https:\/\/sinprofaz.org.br\/2024\/wp-json\/wp\/v2\/posts\/11027\/revisions"}],"predecessor-version":[{"id":11047,"href":"https:\/\/sinprofaz.org.br\/2024\/wp-json\/wp\/v2\/posts\/11027\/revisions\/11047"}],"wp:featuredmedia":[{"embeddable":true,"href":"https:\/\/sinprofaz.org.br\/2024\/wp-json\/wp\/v2\/media\/11031"}],"wp:attachment":[{"href":"https:\/\/sinprofaz.org.br\/2024\/wp-json\/wp\/v2\/media?parent=11027"}],"wp:term":[{"taxonomy":"category","embeddable":true,"href":"https:\/\/sinprofaz.org.br\/2024\/wp-json\/wp\/v2\/categories?post=11027"},{"taxonomy":"post_tag","embeddable":true,"href":"https:\/\/sinprofaz.org.br\/2024\/wp-json\/wp\/v2\/tags?post=11027"}],"curies":[{"name":"wp","href":"https:\/\/api.w.org\/{rel}","templated":true}]}}