{"id":1101,"date":"2012-11-30T20:27:16","date_gmt":"2012-11-30T20:27:16","guid":{"rendered":""},"modified":"-0001-11-30T00:00:00","modified_gmt":"-0001-11-30T03:00:00","slug":"pfn-use-ferramenta-do-sinprofaz-para-comunicacao-direta-com-o-legislativo","status":"publish","type":"post","link":"https:\/\/sinprofaz.org.br\/2024\/noticias\/pfn-use-ferramenta-do-sinprofaz-para-comunicacao-direta-com-o-legislativo\/","title":{"rendered":"PFN, use ferramenta do SINPROFAZ para comunica\u00e7\u00e3o direta com o Legislativo"},"content":{"rendered":"<p>Toda a repercuss\u00e3o da campanha Fora Adams, a atua\u00e7\u00e3o no Congresso em torno do PLP 205, os alertas do SINPROFAZ em notas e artigos sobre o equ\u00edvoco na ado\u00e7\u00e3o de uma advocacia de governo devem chegar ao conhecimento dos parlamentares. E os Procuradores da Fazenda podem colaborar nesta grande corrente de comunica\u00e7\u00e3o com alguns cliques.<\/p>\n<p>O SINPROFAZ oferece uma ferramenta digital no site justamente para aumentar a efici\u00eancia das a\u00e7\u00f5es de comunica\u00e7\u00e3o e fortalecer o leg\u00edtimo direito de press\u00e3o dos PFNs sobre o Poder Legislativo.<\/p>\n<p>A ferramenta permite ao filiado encaminhar not\u00edcias, artigos e mensagens pessoais para um, alguns ou todos os deputados e senadores, de uma s\u00f3 vez.<\/p>\n<p>Se voc\u00ea \u00e9 filiado do SINPROFAZ, basta escolher a not\u00edcia ou artigo de nosso site que gostaria de compartilhar com a(s) autoridade(s) do Congresso Nacional. Abaixo de cada not\u00edcia ou artigo h\u00e1 uma \u00e1rea onde \u00e9 poss\u00edvel escolher os meios de compartilhamento da informa\u00e7\u00e3o: Twitter, Facebook, E-mail e um bot\u00e3o maior com a inscri\u00e7\u00e3o \u201cEnviar a parlamentares\u201d. \u00c9 f\u00e1cil, pr\u00e1tico e muito r\u00e1pido.<\/p>\n<p>O presidente do Sindicato, Allan Titonelli, ressalta a import\u00e2ncia de os filiados usufru\u00edrem da ferramenta. &#8220;Cada mensagem enviada por PFN aos deputados e senadores ser\u00e1 uma grande colabora\u00e7\u00e3o no esfor\u00e7o di\u00e1rio do SINPROFAZ para dar visibilidade aos pleitos da carreira em particular e da advocacia p\u00fablica em geral. Ser\u00e1 mais um meio para publicizar quem somos, o que fazemos e tamb\u00e9m para esclarecer nosso papel aos representantes do povo e das unidades da Federa\u00e7\u00e3o&#8221;.<\/p>\n<p>Veja as instru\u00e7\u00f5es para o uso desta ferramenta eletr\u00f4nica em um v\u00eddeo tutorial. <a title=\"Area Restrita\" href=\"filiados\/meu-espaco\" target=\"_self\">Clique aqui<\/a>.<\/p>\n","protected":false},"excerpt":{"rendered":"<p>O momento \u00e9 muito oportuno para subsidiar os parlamentares com informa\u00e7\u00f5es sobre a necessidade de aperfei\u00e7oamento do PLP 205\/12. Cada PFN pode contribuir virtualmente enviando mensagens a deputados e senadores por meio do site do SINPROFAZ.<\/p>\n","protected":false},"author":1,"featured_media":0,"comment_status":"closed","ping_status":"open","sticky":false,"template":"","format":"standard","meta":{"footnotes":""},"categories":[8],"tags":[],"featured_image_url":"https:\/\/dummyimage.com\/720x400","character_count":847,"formatted_date":"30\/11\/2012 - 20:27","contentNovo":"\r\n<p>Toda a repercuss\u00e3o da campanha Fora Adams, a atua\u00e7\u00e3o no Congresso em torno do PLP 205, os alertas do SINPROFAZ em notas e artigos sobre o equ\u00edvoco na ado\u00e7\u00e3o de uma advocacia de governo devem chegar ao conhecimento dos parlamentares. E os Procuradores da Fazenda podem colaborar nesta grande corrente de comunica\u00e7\u00e3o com alguns cliques.<\/p>\r\n<p>O SINPROFAZ oferece uma ferramenta digital no site justamente para aumentar a efici\u00eancia das a\u00e7\u00f5es de comunica\u00e7\u00e3o e fortalecer o leg\u00edtimo direito de press\u00e3o dos PFNs sobre o Poder Legislativo.<\/p>\r\n<p>A ferramenta permite ao filiado encaminhar not\u00edcias, artigos e mensagens pessoais para um, alguns ou todos os deputados e senadores, de uma s\u00f3 vez.<\/p>\r\n<p>Se voc\u00ea \u00e9 filiado do SINPROFAZ, basta escolher a not\u00edcia ou artigo de nosso site que gostaria de compartilhar com a(s) autoridade(s) do Congresso Nacional. Abaixo de cada not\u00edcia ou artigo h\u00e1 uma \u00e1rea onde \u00e9 poss\u00edvel escolher os meios de compartilhamento da informa\u00e7\u00e3o: Twitter, Facebook, E-mail e um bot\u00e3o maior com a inscri\u00e7\u00e3o \u201cEnviar a parlamentares\u201d. \u00c9 f\u00e1cil, pr\u00e1tico e muito r\u00e1pido.<\/p>\r\n<p>O presidente do Sindicato, Allan Titonelli, ressalta a import\u00e2ncia de os filiados usufru\u00edrem da ferramenta. \"Cada mensagem enviada por PFN aos deputados e senadores ser\u00e1 uma grande colabora\u00e7\u00e3o no esfor\u00e7o di\u00e1rio do SINPROFAZ para dar visibilidade aos pleitos da carreira em particular e da advocacia p\u00fablica em geral. Ser\u00e1 mais um meio para publicizar quem somos, o que fazemos e tamb\u00e9m para esclarecer nosso papel aos representantes do povo e das unidades da Federa\u00e7\u00e3o\".<\/p>\r\n<p>Veja as instru\u00e7\u00f5es para o uso desta ferramenta eletr\u00f4nica em um v\u00eddeo tutorial. <a title=\"Area Restrita\" href=\"filiados\/meu-espaco\" target=\"_self\">Clique aqui<\/a>.<\/p>","_links":{"self":[{"href":"https:\/\/sinprofaz.org.br\/2024\/wp-json\/wp\/v2\/posts\/1101"}],"collection":[{"href":"https:\/\/sinprofaz.org.br\/2024\/wp-json\/wp\/v2\/posts"}],"about":[{"href":"https:\/\/sinprofaz.org.br\/2024\/wp-json\/wp\/v2\/types\/post"}],"author":[{"embeddable":true,"href":"https:\/\/sinprofaz.org.br\/2024\/wp-json\/wp\/v2\/users\/1"}],"replies":[{"embeddable":true,"href":"https:\/\/sinprofaz.org.br\/2024\/wp-json\/wp\/v2\/comments?post=1101"}],"version-history":[{"count":0,"href":"https:\/\/sinprofaz.org.br\/2024\/wp-json\/wp\/v2\/posts\/1101\/revisions"}],"wp:attachment":[{"href":"https:\/\/sinprofaz.org.br\/2024\/wp-json\/wp\/v2\/media?parent=1101"}],"wp:term":[{"taxonomy":"category","embeddable":true,"href":"https:\/\/sinprofaz.org.br\/2024\/wp-json\/wp\/v2\/categories?post=1101"},{"taxonomy":"post_tag","embeddable":true,"href":"https:\/\/sinprofaz.org.br\/2024\/wp-json\/wp\/v2\/tags?post=1101"}],"curies":[{"name":"wp","href":"https:\/\/api.w.org\/{rel}","templated":true}]}}