{"id":11006,"date":"2020-01-09T15:46:31","date_gmt":"2020-01-09T18:46:31","guid":{"rendered":"http:\/\/www.sinprofaz.org.br\/?p=11006"},"modified":"2020-01-09T15:46:31","modified_gmt":"2020-01-09T18:46:31","slug":"professor-defende-mais-transparencia-na-tributacao-sobre-o-consumo","status":"publish","type":"post","link":"https:\/\/sinprofaz.org.br\/2024\/noticias\/professor-defende-mais-transparencia-na-tributacao-sobre-o-consumo\/","title":{"rendered":"PROFESSOR DEFENDE MAIS TRANSPAR\u00caNCIA NA TRIBUTA\u00c7\u00c3O SOBRE O CONSUMO"},"content":{"rendered":"<p>A Reforma Tribut\u00e1ria foi tema da palestra de Eurico Marcos Diniz de Santi durante o 19\u00ba Encontro do SINPROFAZ. Diretor do Centro de Cidadania Fiscal (CCiF) e professor da Funda\u00e7\u00e3o Get\u00falio Vargas, de Santi participou pela primeira vez do evento, realizado de 28 de novembro a 1\u00ba de dezembro de 2019. Na oportunidade, o professor discorreu a respeito da tributa\u00e7\u00e3o que incide sobre o consumo e ressaltou a necessidade de mais transpar\u00eancia no Sistema Tribut\u00e1rio. &#8220;No Brasil, quem financia as campanhas pol\u00edticas n\u00e3o vota, mas quem vota n\u00e3o financia as campanhas pol\u00edticas. E \u00e9 sobre estes que recai a tributa\u00e7\u00e3o. Para mudar o Sistema Tribut\u00e1rio, \u00e9 preciso uma medida: empoderar o cidad\u00e3o-consumidor com mais informa\u00e7\u00e3o a respeito da carga que recai sobre o consumo&#8221;, destacou.<\/p>\n<p>Ao longo da palestra, os PFNs conheceram o CCiF: grupo formado por um time de especialistas interessados em propor uma Reforma Tribut\u00e1ria que atenda \u00e0 sociedade. De acordo com de Santi, o sujeito passivo da tributa\u00e7\u00e3o sobre o consumo n\u00e3o \u00e9 o consumidor, mas a empresa que produz e que transfere a carga tribut\u00e1ria para o pre\u00e7o. Um dos pontos de partida do grupo, portanto, foi conhecer o que as empresas esperam do novo Sistema Tribut\u00e1rio: &#8220;O que elas responderam? Que desejavam seguran\u00e7a jur\u00eddica. O desafio do Brasil e o da Reforma \u00e9 aumentar o Produto Interno Bruto, \u00e9 elevar nossa capacidade de produzir riquezas. Para tanto, \u00e9 fundamental que fa\u00e7amos a m\u00e1quina funcionar e que operemos sem riscos, sem custos de transa\u00e7\u00e3o e sem medo de evoluir&#8221;. <\/p>\n<p>Ao findar a exposi\u00e7\u00e3o, de Santi demonstrou conhecimento e admira\u00e7\u00e3o pela Carreira que, segundo ele, vem impressionando, entre outros, pela forte presen\u00e7a nas discuss\u00f5es sobre a Reforma Tribut\u00e1ria. &#8220;Chamou minha aten\u00e7\u00e3o o orgulho que os procuradores da Fazenda Nacional sentem pelo que fazem. Voc\u00eas t\u00eam se desenvolvido muito institucionalmente: criaram o Regime Diferenciado de Cobran\u00e7a de Cr\u00e9ditos; criaram um espa\u00e7o in\u00e9dito, especialmente dentro da Advocacia P\u00fablica, para ouvir os contribuintes. Parab\u00e9ns por essa capacidade de dar novos passos rumo \u00e0 transpar\u00eancia. S\u00e3o os senhores, que fazem um trabalho bem feito, com responsabilidade, paix\u00e3o, t\u00e9cnica e vis\u00e3o, os protagonistas deste Brasil que carece de mudan\u00e7as.&#8221;<\/p>\n<p><strong>Centro de Cidadania Fiscal<\/strong><br \/>\nO CCiF foi criado em 2015 por estudiosos da tributa\u00e7\u00e3o e das finan\u00e7as p\u00fablicas. Seu objetivo \u00e9 desenvolver estudos que ajudem a simplificar e a aprimorar o Sistema Tribut\u00e1rio brasileiro e o modelo de gest\u00e3o fiscal do pa\u00eds. As medidas propostas pelo CCiF visam promover o desenvolvimento sustent\u00e1vel no Brasil. Entre elas est\u00e3o a amplia\u00e7\u00e3o do potencial de crescimento da economia brasileira a longo prazo, o fomento da transpar\u00eancia nas a\u00e7\u00f5es, planos e pol\u00edticas de governo e a redu\u00e7\u00e3o das desigualdades sociais e regionais no pa\u00eds. O CCiF atua de forma independente e imparcial, tendo como refer\u00eancia os interesses difusos da popula\u00e7\u00e3o. Saiba mais em <a href=\"http:\/\/www.ccif.com.br\" rel=\"noopener\" target=\"_blank\">www.ccif.com.br<\/a>.<\/p>\n\n\t\t<style type=\"text\/css\">\n\t\t\t#gallery-1 {\n\t\t\t\tmargin: auto;\n\t\t\t}\n\t\t\t#gallery-1 .gallery-item {\n\t\t\t\tfloat: left;\n\t\t\t\tmargin-top: 10px;\n\t\t\t\ttext-align: center;\n\t\t\t\twidth: 33%;\n\t\t\t}\n\t\t\t#gallery-1 img {\n\t\t\t\tborder: 2px solid #cfcfcf;\n\t\t\t}\n\t\t\t#gallery-1 .gallery-caption {\n\t\t\t\tmargin-left: 0;\n\t\t\t}\n\t\t\t\/* see gallery_shortcode() in wp-includes\/media.php *\/\n\t\t<\/style>\n\t\t<div id='gallery-1' class='gallery galleryid-11006 gallery-columns-3 gallery-size-thumbnail'><dl class='gallery-item'>\n\t\t\t<dt class='gallery-icon landscape'>\n\t\t\t\t<a href='https:\/\/sinprofaz.org.br\/2024\/wp-content\/uploads\/2020\/01\/02.jpg'><img loading=\"lazy\" decoding=\"async\" width=\"150\" height=\"150\" src=\"https:\/\/sinprofaz.org.br\/2024\/wp-content\/uploads\/2020\/01\/02-150x150.jpg\" class=\"attachment-thumbnail size-thumbnail\" alt=\"\" \/><\/a>\n\t\t\t<\/dt><\/dl><dl class='gallery-item'>\n\t\t\t<dt class='gallery-icon landscape'>\n\t\t\t\t<a href='https:\/\/sinprofaz.org.br\/2024\/wp-content\/uploads\/2020\/01\/03.jpg'><img loading=\"lazy\" decoding=\"async\" width=\"150\" height=\"150\" src=\"https:\/\/sinprofaz.org.br\/2024\/wp-content\/uploads\/2020\/01\/03-150x150.jpg\" class=\"attachment-thumbnail size-thumbnail\" alt=\"\" \/><\/a>\n\t\t\t<\/dt><\/dl><dl class='gallery-item'>\n\t\t\t<dt class='gallery-icon landscape'>\n\t\t\t\t<a href='https:\/\/sinprofaz.org.br\/2024\/wp-content\/uploads\/2020\/01\/04.jpg'><img loading=\"lazy\" decoding=\"async\" width=\"150\" height=\"150\" src=\"https:\/\/sinprofaz.org.br\/2024\/wp-content\/uploads\/2020\/01\/04-150x150.jpg\" class=\"attachment-thumbnail size-thumbnail\" alt=\"\" \/><\/a>\n\t\t\t<\/dt><\/dl><br style=\"clear: both\" \/>\n\t\t<\/div>\n\n","protected":false},"excerpt":{"rendered":"<p>A Reforma Tribut\u00e1ria foi tema da palestra de Eurico Marcos Diniz de Santi durante o 19\u00ba Encontro do SINPROFAZ. Diretor do Centro de Cidadania Fiscal (CCiF) e professor da Funda\u00e7\u00e3o Get\u00falio Vargas, de Santi participou pela primeira vez do evento, realizado em Florian\u00f3polis\/SC. <\/p>\n","protected":false},"author":2,"featured_media":11007,"comment_status":"open","ping_status":"open","sticky":false,"template":"","format":"standard","meta":{"footnotes":""},"categories":[8],"tags":[32,62,25],"featured_image_url":"https:\/\/sinprofaz.org.br\/2024\/wp-content\/uploads\/2020\/01\/01-1.jpg","character_count":1722,"formatted_date":"09\/01\/2020 - 15:46","contentNovo":"A Reforma Tribut\u00e1ria foi tema da palestra de Eurico Marcos Diniz de Santi durante o 19\u00ba Encontro do SINPROFAZ. Diretor do Centro de Cidadania Fiscal (CCiF) e professor da Funda\u00e7\u00e3o Get\u00falio Vargas, de Santi participou pela primeira vez do evento, realizado de 28 de novembro a 1\u00ba de dezembro de 2019. Na oportunidade, o professor discorreu a respeito da tributa\u00e7\u00e3o que incide sobre o consumo e ressaltou a necessidade de mais transpar\u00eancia no Sistema Tribut\u00e1rio. \"No Brasil, quem financia as campanhas pol\u00edticas n\u00e3o vota, mas quem vota n\u00e3o financia as campanhas pol\u00edticas. E \u00e9 sobre estes que recai a tributa\u00e7\u00e3o. Para mudar o Sistema Tribut\u00e1rio, \u00e9 preciso uma medida: empoderar o cidad\u00e3o-consumidor com mais informa\u00e7\u00e3o a respeito da carga que recai sobre o consumo\", destacou.\r\n\r\nAo longo da palestra, os PFNs conheceram o CCiF: grupo formado por um time de especialistas interessados em propor uma Reforma Tribut\u00e1ria que atenda \u00e0 sociedade. De acordo com de Santi, o sujeito passivo da tributa\u00e7\u00e3o sobre o consumo n\u00e3o \u00e9 o consumidor, mas a empresa que produz e que transfere a carga tribut\u00e1ria para o pre\u00e7o. Um dos pontos de partida do grupo, portanto, foi conhecer o que as empresas esperam do novo Sistema Tribut\u00e1rio: \"O que elas responderam? Que desejavam seguran\u00e7a jur\u00eddica. O desafio do Brasil e o da Reforma \u00e9 aumentar o Produto Interno Bruto, \u00e9 elevar nossa capacidade de produzir riquezas. Para tanto, \u00e9 fundamental que fa\u00e7amos a m\u00e1quina funcionar e que operemos sem riscos, sem custos de transa\u00e7\u00e3o e sem medo de evoluir\". \r\n\r\nAo findar a exposi\u00e7\u00e3o, de Santi demonstrou conhecimento e admira\u00e7\u00e3o pela Carreira que, segundo ele, vem impressionando, entre outros, pela forte presen\u00e7a nas discuss\u00f5es sobre a Reforma Tribut\u00e1ria. \"Chamou minha aten\u00e7\u00e3o o orgulho que os procuradores da Fazenda Nacional sentem pelo que fazem. Voc\u00eas t\u00eam se desenvolvido muito institucionalmente: criaram o Regime Diferenciado de Cobran\u00e7a de Cr\u00e9ditos; criaram um espa\u00e7o in\u00e9dito, especialmente dentro da Advocacia P\u00fablica, para ouvir os contribuintes. Parab\u00e9ns por essa capacidade de dar novos passos rumo \u00e0 transpar\u00eancia. S\u00e3o os senhores, que fazem um trabalho bem feito, com responsabilidade, paix\u00e3o, t\u00e9cnica e vis\u00e3o, os protagonistas deste Brasil que carece de mudan\u00e7as.\"\r\n\r\n<strong>Centro de Cidadania Fiscal<\/strong>\r\nO CCiF foi criado em 2015 por estudiosos da tributa\u00e7\u00e3o e das finan\u00e7as p\u00fablicas. Seu objetivo \u00e9 desenvolver estudos que ajudem a simplificar e a aprimorar o Sistema Tribut\u00e1rio brasileiro e o modelo de gest\u00e3o fiscal do pa\u00eds. As medidas propostas pelo CCiF visam promover o desenvolvimento sustent\u00e1vel no Brasil. Entre elas est\u00e3o a amplia\u00e7\u00e3o do potencial de crescimento da economia brasileira a longo prazo, o fomento da transpar\u00eancia nas a\u00e7\u00f5es, planos e pol\u00edticas de governo e a redu\u00e7\u00e3o das desigualdades sociais e regionais no pa\u00eds. O CCiF atua de forma independente e imparcial, tendo como refer\u00eancia os interesses difusos da popula\u00e7\u00e3o. Saiba mais em <a href=\"http:\/\/www.ccif.com.br\" rel=\"noopener\" target=\"_blank\">www.ccif.com.br<\/a>.\r\n\r\n[gallery link=\"file\" ids=\"11008,11009,11010\"]","_links":{"self":[{"href":"https:\/\/sinprofaz.org.br\/2024\/wp-json\/wp\/v2\/posts\/11006"}],"collection":[{"href":"https:\/\/sinprofaz.org.br\/2024\/wp-json\/wp\/v2\/posts"}],"about":[{"href":"https:\/\/sinprofaz.org.br\/2024\/wp-json\/wp\/v2\/types\/post"}],"author":[{"embeddable":true,"href":"https:\/\/sinprofaz.org.br\/2024\/wp-json\/wp\/v2\/users\/2"}],"replies":[{"embeddable":true,"href":"https:\/\/sinprofaz.org.br\/2024\/wp-json\/wp\/v2\/comments?post=11006"}],"version-history":[{"count":1,"href":"https:\/\/sinprofaz.org.br\/2024\/wp-json\/wp\/v2\/posts\/11006\/revisions"}],"predecessor-version":[{"id":11011,"href":"https:\/\/sinprofaz.org.br\/2024\/wp-json\/wp\/v2\/posts\/11006\/revisions\/11011"}],"wp:featuredmedia":[{"embeddable":true,"href":"https:\/\/sinprofaz.org.br\/2024\/wp-json\/wp\/v2\/media\/11007"}],"wp:attachment":[{"href":"https:\/\/sinprofaz.org.br\/2024\/wp-json\/wp\/v2\/media?parent=11006"}],"wp:term":[{"taxonomy":"category","embeddable":true,"href":"https:\/\/sinprofaz.org.br\/2024\/wp-json\/wp\/v2\/categories?post=11006"},{"taxonomy":"post_tag","embeddable":true,"href":"https:\/\/sinprofaz.org.br\/2024\/wp-json\/wp\/v2\/tags?post=11006"}],"curies":[{"name":"wp","href":"https:\/\/api.w.org\/{rel}","templated":true}]}}