{"id":10997,"date":"2020-01-07T08:57:57","date_gmt":"2020-01-07T11:57:57","guid":{"rendered":"http:\/\/www.sinprofaz.org.br\/?p=10997"},"modified":"2020-01-08T09:45:46","modified_gmt":"2020-01-08T12:45:46","slug":"sinprofaz-ajuiza-segunda-acao-contra-alteracao-promovida-pela-reforma-da-previdencia","status":"publish","type":"post","link":"https:\/\/sinprofaz.org.br\/2024\/noticias\/sinprofaz-ajuiza-segunda-acao-contra-alteracao-promovida-pela-reforma-da-previdencia\/","title":{"rendered":"SINPROFAZ AJU\u00cdZA SEGUNDA A\u00c7\u00c3O CONTRA ALTERA\u00c7\u00c3O PROMOVIDA PELA REFORMA DA PREVID\u00caNCIA"},"content":{"rendered":"<p>O SINPROFAZ ajuizou a\u00e7\u00e3o contra altera\u00e7\u00e3o promovida pela EC 103\/2019 (Reforma da Previd\u00eancia) que permite cobran\u00e7as abusivas dos filiados em caso de d\u00e9ficit atuarial. Esta \u00e9 a segunda a\u00e7\u00e3o ajuizada pelo Sindicato contra mudan\u00e7as provocadas pela Reforma e capazes de gerar graves preju\u00edzos aos PFNs.<\/p>\n<p>A hodierna Reforma prev\u00ea que, em caso de d\u00e9ficit atuarial do Sistema Previdenci\u00e1rio, seria poss\u00edvel (i) o alargamento da base de c\u00e1lculo das contribui\u00e7\u00f5es dos aposentados e pensionistas e (ii) a institui\u00e7\u00e3o de contribui\u00e7\u00f5es extraordin\u00e1rias de ativos, aposentados e pensionistas.<\/p>\n<p>Na pr\u00e1tica, sem ter como contestar as informa\u00e7\u00f5es do Governo sobre a exist\u00eancia dos alegados d\u00e9ficits atuariais, nossos filiados poder\u00e3o ser obrigados a recolher contribui\u00e7\u00f5es verdadeiramente confiscat\u00f3rias.<\/p>\n<p>Al\u00e9m disso, eventuais medidas para cobrir eventual desequil\u00edbrio nas finan\u00e7as da Previd\u00eancia Social deveriam ser realizadas de forma geral e indistinta \u2014 e n\u00e3o a partir da eleva\u00e7\u00e3o da contribui\u00e7\u00e3o apenas dos servidores p\u00fablicos.<\/p>\n<p>Em face dos evidentes preju\u00edzos que a referida altera\u00e7\u00e3o promovida pela Emenda Constitucional n\u00ba 103\/2019 poder\u00e1 acarretar aos filiados, n\u00e3o mediremos esfor\u00e7os para buscar, na via judicial, o reconhecimento da inconstitucionalidade desse ponto da Reforma.<\/p>\n","protected":false},"excerpt":{"rendered":"<p>O SINPROFAZ ajuizou a\u00e7\u00e3o contra altera\u00e7\u00e3o promovida pela EC 103\/2019 que permite cobran\u00e7as abusivas em caso de d\u00e9ficit atuarial. Esta \u00e9 a segunda a\u00e7\u00e3o ajuizada pelo Sindicato contra mudan\u00e7as provocadas pela Reforma da Previd\u00eancia.<\/p>\n","protected":false},"author":2,"featured_media":11001,"comment_status":"open","ping_status":"open","sticky":false,"template":"","format":"standard","meta":{"footnotes":""},"categories":[8],"tags":[32,146,77,25],"featured_image_url":"https:\/\/sinprofaz.org.br\/2024\/wp-content\/uploads\/2020\/01\/3banner-marca-sinprofaz800x643.png","character_count":662,"formatted_date":"07\/01\/2020 - 08:57","contentNovo":"O SINPROFAZ ajuizou a\u00e7\u00e3o contra altera\u00e7\u00e3o promovida pela EC 103\/2019 (Reforma da Previd\u00eancia) que permite cobran\u00e7as abusivas dos filiados em caso de d\u00e9ficit atuarial. Esta \u00e9 a segunda a\u00e7\u00e3o ajuizada pelo Sindicato contra mudan\u00e7as provocadas pela Reforma e capazes de gerar graves preju\u00edzos aos PFNs.\r\n\r\nA hodierna Reforma prev\u00ea que, em caso de d\u00e9ficit atuarial do Sistema Previdenci\u00e1rio, seria poss\u00edvel (i) o alargamento da base de c\u00e1lculo das contribui\u00e7\u00f5es dos aposentados e pensionistas e (ii) a institui\u00e7\u00e3o de contribui\u00e7\u00f5es extraordin\u00e1rias de ativos, aposentados e pensionistas.\r\n\r\nNa pr\u00e1tica, sem ter como contestar as informa\u00e7\u00f5es do Governo sobre a exist\u00eancia dos alegados d\u00e9ficits atuariais, nossos filiados poder\u00e3o ser obrigados a recolher contribui\u00e7\u00f5es verdadeiramente confiscat\u00f3rias.\r\n\r\nAl\u00e9m disso, eventuais medidas para cobrir eventual desequil\u00edbrio nas finan\u00e7as da Previd\u00eancia Social deveriam ser realizadas de forma geral e indistinta \u2014 e n\u00e3o a partir da eleva\u00e7\u00e3o da contribui\u00e7\u00e3o apenas dos servidores p\u00fablicos.\r\n\r\nEm face dos evidentes preju\u00edzos que a referida altera\u00e7\u00e3o promovida pela Emenda Constitucional n\u00ba 103\/2019 poder\u00e1 acarretar aos filiados, n\u00e3o mediremos esfor\u00e7os para buscar, na via judicial, o reconhecimento da inconstitucionalidade desse ponto da Reforma.","_links":{"self":[{"href":"https:\/\/sinprofaz.org.br\/2024\/wp-json\/wp\/v2\/posts\/10997"}],"collection":[{"href":"https:\/\/sinprofaz.org.br\/2024\/wp-json\/wp\/v2\/posts"}],"about":[{"href":"https:\/\/sinprofaz.org.br\/2024\/wp-json\/wp\/v2\/types\/post"}],"author":[{"embeddable":true,"href":"https:\/\/sinprofaz.org.br\/2024\/wp-json\/wp\/v2\/users\/2"}],"replies":[{"embeddable":true,"href":"https:\/\/sinprofaz.org.br\/2024\/wp-json\/wp\/v2\/comments?post=10997"}],"version-history":[{"count":3,"href":"https:\/\/sinprofaz.org.br\/2024\/wp-json\/wp\/v2\/posts\/10997\/revisions"}],"predecessor-version":[{"id":11005,"href":"https:\/\/sinprofaz.org.br\/2024\/wp-json\/wp\/v2\/posts\/10997\/revisions\/11005"}],"wp:featuredmedia":[{"embeddable":true,"href":"https:\/\/sinprofaz.org.br\/2024\/wp-json\/wp\/v2\/media\/11001"}],"wp:attachment":[{"href":"https:\/\/sinprofaz.org.br\/2024\/wp-json\/wp\/v2\/media?parent=10997"}],"wp:term":[{"taxonomy":"category","embeddable":true,"href":"https:\/\/sinprofaz.org.br\/2024\/wp-json\/wp\/v2\/categories?post=10997"},{"taxonomy":"post_tag","embeddable":true,"href":"https:\/\/sinprofaz.org.br\/2024\/wp-json\/wp\/v2\/tags?post=10997"}],"curies":[{"name":"wp","href":"https:\/\/api.w.org\/{rel}","templated":true}]}}