{"id":10983,"date":"2019-12-27T09:41:59","date_gmt":"2019-12-27T12:41:59","guid":{"rendered":"http:\/\/www.sinprofaz.org.br\/?p=10983"},"modified":"2020-01-06T11:23:03","modified_gmt":"2020-01-06T14:23:03","slug":"em-entrevista-advogado-geral-da-uniao-enaltece-resultados-da-pgfn","status":"publish","type":"post","link":"https:\/\/sinprofaz.org.br\/2024\/noticias\/em-entrevista-advogado-geral-da-uniao-enaltece-resultados-da-pgfn\/","title":{"rendered":"EM ENTREVISTA, ADVOGADO-GERAL DA UNI\u00c3O ENALTECE RESULTADOS DA PGFN"},"content":{"rendered":"<p class=\"p1\">O advogado-geral da Uni\u00e3o, Andr\u00e9 Mendon\u00e7a, foi um dos convidados a palestrar durante o 19\u00ba Encontro Nacional dos Procuradores da Fazenda Nacional. Em entrevista concedida \u00e0 TV SINPROFAZ na oportunidade, o chefe da AGU destacou a import\u00e2ncia do trabalho desempenhado pelos Membros da Carreira e comprometeu-se a apoiar a evolu\u00e7\u00e3o da Procuradoria da Fazenda Nacional.<\/p>\n<p class=\"p1\">&#8220;A Carreira de procurador da Fazenda Nacional \u00e9 relevant\u00edssima para o Estado brasileiro e para a sociedade. Ela tem, ano a ano, obtido resultados cada vez mais expressivos, gra\u00e7as aos PFNs, engajados na defesa do interesse p\u00fablico. Nossa palavra aqui foi no sentido de reconhecer a import\u00e2ncia da PGFN e dos procuradores da Fazenda Nacional e de demonstrar a eles nosso comprometimento e apoio para que continuem entregando resultados cada vez melhores e mais expressivos.&#8221;<\/p>\n<p class=\"p1\">Assista \u00e0 entrevista completa:\u00a0<a href=\"http:\/\/bit.ly\/2rybi6w\" target=\"_blank\" rel=\"noopener\"><span class=\"s1\">bit.ly\/2rybi6w<\/span><\/a><\/p>\n","protected":false},"excerpt":{"rendered":"<p>Andr\u00e9 Mendon\u00e7a foi convidado a palestrar no 19\u00ba Encontro Nacional dos Procuradores da Fazenda Nacional. Em entrevista, o chefe da AGU destacou a import\u00e2ncia do trabalho desempenhado pela Carreira e comprometeu-se a apoiar a evolu\u00e7\u00e3o da PGFN.<\/p>\n","protected":false},"author":2,"featured_media":10984,"comment_status":"open","ping_status":"open","sticky":false,"template":"","format":"standard","meta":{"footnotes":""},"categories":[8],"tags":[43,62,25],"featured_image_url":"https:\/\/sinprofaz.org.br\/2024\/wp-content\/uploads\/2019\/12\/NOTA-SINPROFAZ.png","character_count":457,"formatted_date":"27\/12\/2019 - 09:41","contentNovo":"<p class=\"p1\">O advogado-geral da Uni\u00e3o, Andr\u00e9 Mendon\u00e7a, foi um dos convidados a palestrar durante o 19\u00ba Encontro Nacional dos Procuradores da Fazenda Nacional. Em entrevista concedida \u00e0 TV SINPROFAZ na oportunidade, o chefe da AGU destacou a import\u00e2ncia do trabalho desempenhado pelos Membros da Carreira e comprometeu-se a apoiar a evolu\u00e7\u00e3o da Procuradoria da Fazenda Nacional.<\/p>\r\n<p class=\"p1\">\"A Carreira de procurador da Fazenda Nacional \u00e9 relevant\u00edssima para o Estado brasileiro e para a sociedade. Ela tem, ano a ano, obtido resultados cada vez mais expressivos, gra\u00e7as aos PFNs, engajados na defesa do interesse p\u00fablico. Nossa palavra aqui foi no sentido de reconhecer a import\u00e2ncia da PGFN e dos procuradores da Fazenda Nacional e de demonstrar a eles nosso comprometimento e apoio para que continuem entregando resultados cada vez melhores e mais expressivos.\"<\/p>\r\n<p class=\"p1\">Assista \u00e0 entrevista completa:\u00a0<a href=\"http:\/\/bit.ly\/2rybi6w\" target=\"_blank\" rel=\"noopener\">bit.ly\/2rybi6w<\/a><\/p>","_links":{"self":[{"href":"https:\/\/sinprofaz.org.br\/2024\/wp-json\/wp\/v2\/posts\/10983"}],"collection":[{"href":"https:\/\/sinprofaz.org.br\/2024\/wp-json\/wp\/v2\/posts"}],"about":[{"href":"https:\/\/sinprofaz.org.br\/2024\/wp-json\/wp\/v2\/types\/post"}],"author":[{"embeddable":true,"href":"https:\/\/sinprofaz.org.br\/2024\/wp-json\/wp\/v2\/users\/2"}],"replies":[{"embeddable":true,"href":"https:\/\/sinprofaz.org.br\/2024\/wp-json\/wp\/v2\/comments?post=10983"}],"version-history":[{"count":2,"href":"https:\/\/sinprofaz.org.br\/2024\/wp-json\/wp\/v2\/posts\/10983\/revisions"}],"predecessor-version":[{"id":10996,"href":"https:\/\/sinprofaz.org.br\/2024\/wp-json\/wp\/v2\/posts\/10983\/revisions\/10996"}],"wp:featuredmedia":[{"embeddable":true,"href":"https:\/\/sinprofaz.org.br\/2024\/wp-json\/wp\/v2\/media\/10984"}],"wp:attachment":[{"href":"https:\/\/sinprofaz.org.br\/2024\/wp-json\/wp\/v2\/media?parent=10983"}],"wp:term":[{"taxonomy":"category","embeddable":true,"href":"https:\/\/sinprofaz.org.br\/2024\/wp-json\/wp\/v2\/categories?post=10983"},{"taxonomy":"post_tag","embeddable":true,"href":"https:\/\/sinprofaz.org.br\/2024\/wp-json\/wp\/v2\/tags?post=10983"}],"curies":[{"name":"wp","href":"https:\/\/api.w.org\/{rel}","templated":true}]}}