{"id":10974,"date":"2019-12-26T09:32:54","date_gmt":"2019-12-26T12:32:54","guid":{"rendered":"http:\/\/www.sinprofaz.org.br\/?p=10974"},"modified":"2019-12-27T09:50:41","modified_gmt":"2019-12-27T12:50:41","slug":"em-palestra-no-19o-encontro-professor-trata-da-reinvencao-da-democracia","status":"publish","type":"post","link":"https:\/\/sinprofaz.org.br\/2024\/noticias\/em-palestra-no-19o-encontro-professor-trata-da-reinvencao-da-democracia\/","title":{"rendered":"EM PALESTRA NO 19\u00ba ENCONTRO, PROFESSOR TRATA DA REINVEN\u00c7\u00c3O DA DEMOCRACIA"},"content":{"rendered":"<div>\n<p class=\"p1\">A primeira noite do 19\u00ba Encontro do SINPROFAZ contou com palestra de Marcelo Neves, professor titular de Direito P\u00fablico da Faculdade de Direito da Universidade de Bras\u00edlia (UnB). Marcelo Neves \u00e9 filho do PFN Jos\u00e9 Cavalcanti Neves, ex-procurador-geral da Fazenda Nacional (1963-1965), ex-presidente do Conselho Federal da OAB (1971-1973), ex-presidente da OAB-PE (1953-1971) e um dos mais antigos filiados do SINPROFAZ. No 19\u00ba Encontro, realizado de 28 de novembro a 1\u00ba de dezembro, em Florian\u00f3polis\/SC, Marcelo Neves levou em conta o tema escolhido pela Diretoria para o evento e tratou do conceito de \u201cDemocracia\u201d, apresentando elementos para a necess\u00e1ria reinven\u00e7\u00e3o da palavra.<\/p>\n<p class=\"p1\">\u201cH\u00e1, desde as revolu\u00e7\u00f5es constitucionalistas modernas, um equ\u00edvoco anacron\u00edstico envolvendo o conceito de Democracia. O conceito de &#8216;Transdemocracia&#8217;\u00a0evita\u00a0esse anacronismo que, na hist\u00f3ria, ocorre quando utilizamos conceitos antigos que j\u00e1 n\u00e3o t\u00eam muito a ver com o presente. O caso da Democracia \u00e9 t\u00edpico. Vejam que a Rep\u00fablica Democr\u00e1tica Alem\u00e3 n\u00e3o tinha nada de democr\u00e1tica. Da mesma forma, a Rep\u00fablica Popular Democr\u00e1tica da China n\u00e3o \u00e9 democr\u00e1tica no sentido em que se construiu o conceito. Essa \u00e9, de fato, uma palavra perigosa e com uma superabund\u00e2ncia de significados. Existe uma verdadeira luta sem\u00e2ntica e simb\u00f3lica em torno dela\u201d, afirmou o professor ao iniciar a exposi\u00e7\u00e3o.<\/p>\n<p class=\"p1\">Ao apontar que o conceito mais antigo de Democracia pouco tem a ver com o atual, Marcelo Neves lembrou a Democracia ateniense, cuja estrutura extremamente excludente restringia-se \u00e0 minoria representada pelos &#8220;senhores das casas grandes&#8221;, os \u00fanicos considerados cidad\u00e3os em sentido pleno. &#8220;\u00c0 \u00e9poca, a Democracia s\u00f3 era poss\u00edvel se associada \u00e0 escravid\u00e3o&#8221;, destacou o professor. Ainda se referindo \u00e0 Democracia ateniense, Neves ressaltou que alguns trabalhadores eram, por lei, exclu\u00eddos dos cargos p\u00fablicos mais relevantes e que a Democracia era feita pelos e para os &#8220;ociosos&#8221;, isto \u00e9, aqueles que tinham escravos e disponibilidade para participar de assembleias e conselhos. &#8220;N\u00e3o existia a possibilidade do pluralismo de diverg\u00eancia, que \u00e9 fundamental \u00e0 Democracia moderna.&#8221;<\/p>\n<p class=\"p1\">De acordo com Neves, quando dizemos que o b\u00e1sico da Democracia \u00e9 que os afetados sejam ouvidos e que possam participar, geramos um grande problema, pois a ideia de &#8220;afeta\u00e7\u00e3o&#8221; nos leva a um paradoxo conceitual: legitima\u00e7\u00e3o democr\u00e1tica relacionada \u00e0 inclus\u00e3o dos afetados versus Estado soberano considerado como express\u00e3o jur\u00eddico-pol\u00edtica de uma sociedade aut\u00e1rquica. &#8220;As decis\u00f5es dos pa\u00edses democr\u00e1ticos do Ocidente sempre afetaram outros povos da sociedade mundial. Certas decis\u00f5es, portanto, deveriam ser consideradas antidemocr\u00e1ticas&#8221;, provocou o professor. Ao encerrar a palestra, Neves apresentou um desafio aos presentes: a reinven\u00e7\u00e3o do conceito. &#8220;A Democracia moderna requer que a soberania seja reavaliada no sentido de sua autonomia e responsabilidade.&#8221;<\/p>\n<\/div>\n<div>\n\n\t\t<style type=\"text\/css\">\n\t\t\t#gallery-1 {\n\t\t\t\tmargin: auto;\n\t\t\t}\n\t\t\t#gallery-1 .gallery-item {\n\t\t\t\tfloat: left;\n\t\t\t\tmargin-top: 10px;\n\t\t\t\ttext-align: center;\n\t\t\t\twidth: 33%;\n\t\t\t}\n\t\t\t#gallery-1 img {\n\t\t\t\tborder: 2px solid #cfcfcf;\n\t\t\t}\n\t\t\t#gallery-1 .gallery-caption {\n\t\t\t\tmargin-left: 0;\n\t\t\t}\n\t\t\t\/* see gallery_shortcode() in wp-includes\/media.php *\/\n\t\t<\/style>\n\t\t<div id='gallery-1' class='gallery galleryid-10974 gallery-columns-3 gallery-size-thumbnail'><dl class='gallery-item'>\n\t\t\t<dt class='gallery-icon landscape'>\n\t\t\t\t<a href='https:\/\/sinprofaz.org.br\/2024\/wp-content\/uploads\/2019\/12\/2-5.png'><img loading=\"lazy\" decoding=\"async\" width=\"150\" height=\"150\" src=\"https:\/\/sinprofaz.org.br\/2024\/wp-content\/uploads\/2019\/12\/2-5-150x150.png\" class=\"attachment-thumbnail size-thumbnail\" alt=\"\" \/><\/a>\n\t\t\t<\/dt><\/dl><dl class='gallery-item'>\n\t\t\t<dt class='gallery-icon landscape'>\n\t\t\t\t<a href='https:\/\/sinprofaz.org.br\/2024\/wp-content\/uploads\/2019\/12\/3-4.png'><img loading=\"lazy\" decoding=\"async\" width=\"150\" height=\"150\" src=\"https:\/\/sinprofaz.org.br\/2024\/wp-content\/uploads\/2019\/12\/3-4-150x150.png\" class=\"attachment-thumbnail size-thumbnail\" alt=\"\" \/><\/a>\n\t\t\t<\/dt><\/dl><dl class='gallery-item'>\n\t\t\t<dt class='gallery-icon landscape'>\n\t\t\t\t<a href='https:\/\/sinprofaz.org.br\/2024\/wp-content\/uploads\/2019\/12\/4-3.png'><img loading=\"lazy\" decoding=\"async\" width=\"150\" height=\"150\" src=\"https:\/\/sinprofaz.org.br\/2024\/wp-content\/uploads\/2019\/12\/4-3-150x150.png\" class=\"attachment-thumbnail size-thumbnail\" alt=\"\" \/><\/a>\n\t\t\t<\/dt><\/dl><br style=\"clear: both\" \/>\n\t\t<\/div>\n\n<\/div>\n","protected":false},"excerpt":{"rendered":"<p>A primeira noite do 19\u00ba Encontro do SINPROFAZ contou com palestra de Marcelo Neves, professor titular de Direito P\u00fablico da Faculdade de Direito da Universidade de Bras\u00edlia (UnB). Marcelo Neves \u00e9 filho do PFN Jos\u00e9 Cavalcanti Neves, ex-procurador-geral da Fazenda Nacional.<\/p>\n","protected":false},"author":2,"featured_media":10975,"comment_status":"open","ping_status":"open","sticky":false,"template":"","format":"standard","meta":{"footnotes":""},"categories":[8],"tags":[32,62,25],"featured_image_url":"https:\/\/sinprofaz.org.br\/2024\/wp-content\/uploads\/2019\/12\/1-5.png","character_count":1736,"formatted_date":"26\/12\/2019 - 09:32","contentNovo":"\r\n<p class=\"p1\">A primeira noite do 19\u00ba Encontro do SINPROFAZ contou com palestra de Marcelo Neves, professor titular de Direito P\u00fablico da Faculdade de Direito da Universidade de Bras\u00edlia (UnB). Marcelo Neves \u00e9 filho do PFN Jos\u00e9 Cavalcanti Neves, ex-procurador-geral da Fazenda Nacional (1963-1965), ex-presidente do Conselho Federal da OAB (1971-1973), ex-presidente da OAB-PE (1953-1971) e um dos mais antigos filiados do SINPROFAZ. No 19\u00ba Encontro, realizado de 28 de novembro a 1\u00ba de dezembro, em Florian\u00f3polis\/SC, Marcelo Neves levou em conta o tema escolhido pela Diretoria para o evento e tratou do conceito de \u201cDemocracia\u201d, apresentando elementos para a necess\u00e1ria reinven\u00e7\u00e3o da palavra.<\/p>\r\n<p class=\"p1\">\u201cH\u00e1, desde as revolu\u00e7\u00f5es constitucionalistas modernas, um equ\u00edvoco anacron\u00edstico envolvendo o conceito de Democracia. O conceito de 'Transdemocracia'\u00a0evita\u00a0esse anacronismo que, na hist\u00f3ria, ocorre quando utilizamos conceitos antigos que j\u00e1 n\u00e3o t\u00eam muito a ver com o presente. O caso da Democracia \u00e9 t\u00edpico. Vejam que a Rep\u00fablica Democr\u00e1tica Alem\u00e3 n\u00e3o tinha nada de democr\u00e1tica. Da mesma forma, a Rep\u00fablica Popular Democr\u00e1tica da China n\u00e3o \u00e9 democr\u00e1tica no sentido em que se construiu o conceito. Essa \u00e9, de fato, uma palavra perigosa e com uma superabund\u00e2ncia de significados. Existe uma verdadeira luta sem\u00e2ntica e simb\u00f3lica em torno dela\u201d, afirmou o professor ao iniciar a exposi\u00e7\u00e3o.<\/p>\r\n<p class=\"p1\">Ao apontar que o conceito mais antigo de Democracia pouco tem a ver com o atual, Marcelo Neves lembrou a Democracia ateniense, cuja estrutura extremamente excludente restringia-se \u00e0 minoria representada pelos \"senhores das casas grandes\", os \u00fanicos considerados cidad\u00e3os em sentido pleno. \"\u00c0 \u00e9poca, a Democracia s\u00f3 era poss\u00edvel se associada \u00e0 escravid\u00e3o\", destacou o professor. Ainda se referindo \u00e0 Democracia ateniense, Neves ressaltou que alguns trabalhadores eram, por lei, exclu\u00eddos dos cargos p\u00fablicos mais relevantes e que a Democracia era feita pelos e para os \"ociosos\", isto \u00e9, aqueles que tinham escravos e disponibilidade para participar de assembleias e conselhos. \"N\u00e3o existia a possibilidade do pluralismo de diverg\u00eancia, que \u00e9 fundamental \u00e0 Democracia moderna.\"<\/p>\r\n<p class=\"p1\">De acordo com Neves, quando dizemos que o b\u00e1sico da Democracia \u00e9 que os afetados sejam ouvidos e que possam participar, geramos um grande problema, pois a ideia de \"afeta\u00e7\u00e3o\" nos leva a um paradoxo conceitual: legitima\u00e7\u00e3o democr\u00e1tica relacionada \u00e0 inclus\u00e3o dos afetados versus Estado soberano considerado como express\u00e3o jur\u00eddico-pol\u00edtica de uma sociedade aut\u00e1rquica. \"As decis\u00f5es dos pa\u00edses democr\u00e1ticos do Ocidente sempre afetaram outros povos da sociedade mundial. Certas decis\u00f5es, portanto, deveriam ser consideradas antidemocr\u00e1ticas\", provocou o professor. Ao encerrar a palestra, Neves apresentou um desafio aos presentes: a reinven\u00e7\u00e3o do conceito. \"A Democracia moderna requer que a soberania seja reavaliada no sentido de sua autonomia e responsabilidade.\"<\/p>\r\n\r\n\r\n\r\n\r\n[gallery link=\"file\" ids=\"10976,10977,10978\"]\r\n\r\n","_links":{"self":[{"href":"https:\/\/sinprofaz.org.br\/2024\/wp-json\/wp\/v2\/posts\/10974"}],"collection":[{"href":"https:\/\/sinprofaz.org.br\/2024\/wp-json\/wp\/v2\/posts"}],"about":[{"href":"https:\/\/sinprofaz.org.br\/2024\/wp-json\/wp\/v2\/types\/post"}],"author":[{"embeddable":true,"href":"https:\/\/sinprofaz.org.br\/2024\/wp-json\/wp\/v2\/users\/2"}],"replies":[{"embeddable":true,"href":"https:\/\/sinprofaz.org.br\/2024\/wp-json\/wp\/v2\/comments?post=10974"}],"version-history":[{"count":4,"href":"https:\/\/sinprofaz.org.br\/2024\/wp-json\/wp\/v2\/posts\/10974\/revisions"}],"predecessor-version":[{"id":10986,"href":"https:\/\/sinprofaz.org.br\/2024\/wp-json\/wp\/v2\/posts\/10974\/revisions\/10986"}],"wp:featuredmedia":[{"embeddable":true,"href":"https:\/\/sinprofaz.org.br\/2024\/wp-json\/wp\/v2\/media\/10975"}],"wp:attachment":[{"href":"https:\/\/sinprofaz.org.br\/2024\/wp-json\/wp\/v2\/media?parent=10974"}],"wp:term":[{"taxonomy":"category","embeddable":true,"href":"https:\/\/sinprofaz.org.br\/2024\/wp-json\/wp\/v2\/categories?post=10974"},{"taxonomy":"post_tag","embeddable":true,"href":"https:\/\/sinprofaz.org.br\/2024\/wp-json\/wp\/v2\/tags?post=10974"}],"curies":[{"name":"wp","href":"https:\/\/api.w.org\/{rel}","templated":true}]}}