{"id":10955,"date":"2019-12-19T09:17:22","date_gmt":"2019-12-19T12:17:22","guid":{"rendered":"http:\/\/www.sinprofaz.org.br\/?p=10955"},"modified":"2019-12-19T09:17:33","modified_gmt":"2019-12-19T12:17:33","slug":"em-reuniao-juridica-diretores-discutem-proposicao-de-novas-acoes","status":"publish","type":"post","link":"https:\/\/sinprofaz.org.br\/2024\/noticias\/em-reuniao-juridica-diretores-discutem-proposicao-de-novas-acoes\/","title":{"rendered":"EM REUNI\u00c3O JUR\u00cdDICA, DIRETORES DISCUTEM PROPOSI\u00c7\u00c3O DE NOVAS A\u00c7\u00d5ES"},"content":{"rendered":"<p>Na quarta-feira (18), o SINPROFAZ, representado pelo diretor-jur\u00eddico Giuliano Menezes, pelo presidente Jos\u00e9 Ernane Brito, pelo vice-presidente Roberto Rodrigues e pelo diretor Achilles Frias, reuniu-se com o advogado Hugo Plutarco, s\u00f3cio do escrit\u00f3rio que patrocina a maioria das a\u00e7\u00f5es de interesse do Sindicato.<\/p>\n<p>Durante o encontro, tratou-se especialmente da proposi\u00e7\u00e3o de novas a\u00e7\u00f5es que venham resguardar direitos dos filiados em face das altera\u00e7\u00f5es promovidas pela reforma da Previd\u00eancia. Os dirigentes do SINPROFAZ enfatizaram ainda o compromisso em solucionar de forma vitoriosa os processos em andamento, oportunidade em que testemunharam o engajamento do advogado com a celeridade e o \u00eaxito das a\u00e7\u00f5es.<\/p>\n\n\t\t<style type=\"text\/css\">\n\t\t\t#gallery-1 {\n\t\t\t\tmargin: auto;\n\t\t\t}\n\t\t\t#gallery-1 .gallery-item {\n\t\t\t\tfloat: left;\n\t\t\t\tmargin-top: 10px;\n\t\t\t\ttext-align: center;\n\t\t\t\twidth: 33%;\n\t\t\t}\n\t\t\t#gallery-1 img {\n\t\t\t\tborder: 2px solid #cfcfcf;\n\t\t\t}\n\t\t\t#gallery-1 .gallery-caption {\n\t\t\t\tmargin-left: 0;\n\t\t\t}\n\t\t\t\/* see gallery_shortcode() in wp-includes\/media.php *\/\n\t\t<\/style>\n\t\t<div id='gallery-1' class='gallery galleryid-10955 gallery-columns-3 gallery-size-thumbnail'><dl class='gallery-item'>\n\t\t\t<dt class='gallery-icon landscape'>\n\t\t\t\t<a href='https:\/\/sinprofaz.org.br\/2024\/wp-content\/uploads\/2019\/12\/2-9-e1576757817226.jpg'><img loading=\"lazy\" decoding=\"async\" width=\"150\" height=\"150\" src=\"https:\/\/sinprofaz.org.br\/2024\/wp-content\/uploads\/2019\/12\/2-9-e1576757817226-150x150.jpg\" class=\"attachment-thumbnail size-thumbnail\" alt=\"\" \/><\/a>\n\t\t\t<\/dt><\/dl>\n\t\t\t<br style='clear: both' \/>\n\t\t<\/div>\n\n","protected":false},"excerpt":{"rendered":"<p>O diretor-jur\u00eddico Giuliano Menezes, o presidente Jos\u00e9 Ernane Brito, o vice-presidente Roberto Rodrigues e o diretor Achilles Frias estiveram reunidos ontem (18) com Hugo Plutarco, s\u00f3cio do escrit\u00f3rio que patrocina a maioria das a\u00e7\u00f5es de interesse do Sindicato.<\/p>\n","protected":false},"author":2,"featured_media":10956,"comment_status":"open","ping_status":"open","sticky":false,"template":"","format":"standard","meta":{"footnotes":""},"categories":[8],"tags":[27,26,25],"featured_image_url":"https:\/\/sinprofaz.org.br\/2024\/wp-content\/uploads\/2019\/12\/1-10-e1576757734130.jpg","character_count":542,"formatted_date":"19\/12\/2019 - 09:17","contentNovo":"Na quarta-feira (18), o SINPROFAZ, representado pelo diretor-jur\u00eddico Giuliano Menezes, pelo presidente Jos\u00e9 Ernane Brito, pelo vice-presidente Roberto Rodrigues e pelo diretor Achilles Frias, reuniu-se com o advogado Hugo Plutarco, s\u00f3cio do escrit\u00f3rio que patrocina a maioria das a\u00e7\u00f5es de interesse do Sindicato.\r\n\r\nDurante o encontro, tratou-se especialmente da proposi\u00e7\u00e3o de novas a\u00e7\u00f5es que venham resguardar direitos dos filiados em face das altera\u00e7\u00f5es promovidas pela reforma da Previd\u00eancia. Os dirigentes do SINPROFAZ enfatizaram ainda o compromisso em solucionar de forma vitoriosa os processos em andamento, oportunidade em que testemunharam o engajamento do advogado com a celeridade e o \u00eaxito das a\u00e7\u00f5es.\r\n\r\n[gallery link=\"file\" ids=\"10957\"]","_links":{"self":[{"href":"https:\/\/sinprofaz.org.br\/2024\/wp-json\/wp\/v2\/posts\/10955"}],"collection":[{"href":"https:\/\/sinprofaz.org.br\/2024\/wp-json\/wp\/v2\/posts"}],"about":[{"href":"https:\/\/sinprofaz.org.br\/2024\/wp-json\/wp\/v2\/types\/post"}],"author":[{"embeddable":true,"href":"https:\/\/sinprofaz.org.br\/2024\/wp-json\/wp\/v2\/users\/2"}],"replies":[{"embeddable":true,"href":"https:\/\/sinprofaz.org.br\/2024\/wp-json\/wp\/v2\/comments?post=10955"}],"version-history":[{"count":1,"href":"https:\/\/sinprofaz.org.br\/2024\/wp-json\/wp\/v2\/posts\/10955\/revisions"}],"predecessor-version":[{"id":10958,"href":"https:\/\/sinprofaz.org.br\/2024\/wp-json\/wp\/v2\/posts\/10955\/revisions\/10958"}],"wp:featuredmedia":[{"embeddable":true,"href":"https:\/\/sinprofaz.org.br\/2024\/wp-json\/wp\/v2\/media\/10956"}],"wp:attachment":[{"href":"https:\/\/sinprofaz.org.br\/2024\/wp-json\/wp\/v2\/media?parent=10955"}],"wp:term":[{"taxonomy":"category","embeddable":true,"href":"https:\/\/sinprofaz.org.br\/2024\/wp-json\/wp\/v2\/categories?post=10955"},{"taxonomy":"post_tag","embeddable":true,"href":"https:\/\/sinprofaz.org.br\/2024\/wp-json\/wp\/v2\/tags?post=10955"}],"curies":[{"name":"wp","href":"https:\/\/api.w.org\/{rel}","templated":true}]}}