{"id":10944,"date":"2019-12-18T10:45:16","date_gmt":"2019-12-18T13:45:16","guid":{"rendered":"http:\/\/www.sinprofaz.org.br\/?p=10944"},"modified":"2019-12-19T09:51:22","modified_gmt":"2019-12-19T12:51:22","slug":"sinprofaz-prossegue-vigilante-na-defesa-de-prerrogativa-da-carreira","status":"publish","type":"post","link":"https:\/\/sinprofaz.org.br\/2024\/noticias\/sinprofaz-prossegue-vigilante-na-defesa-de-prerrogativa-da-carreira\/","title":{"rendered":"SINPROFAZ PROSSEGUE VIGILANTE NA DEFESA DE PRERROGATIVA DA CARREIRA"},"content":{"rendered":"<p>Na ter\u00e7a-feira (17), o SINPROFAZ, representado pelo presidente Jos\u00e9 Ernane Brito, esteve novamente na C\u00e2mara dos Deputados para acompanhar as delibera\u00e7\u00f5es do plen\u00e1rio da Casa. Juntamente com o deputado federal e filiado, Tadeu Alencar (PSB-PE), o presidente recebeu a informa\u00e7\u00e3o de que o Projeto de Lei 6.381\/2019 n\u00e3o ser\u00e1 apreciado nesta sess\u00e3o legislativa.<\/p>\n<p>O PL em quest\u00e3o, que pretende revogar o \u00a719 do art. 85 do C\u00f3digo de Processo Civil, foi apresentado na \u00faltima semana. Desde ent\u00e3o, o SINPROFAZ vem trabalhando para convencer parlamentares da import\u00e2ncia de manter valorizadas as carreiras da Advocacia P\u00fablica. Dois dos deputados abordados no dia de ontem foram Leonardo Monteiro (PT-MG) e o presidente da C\u00e2mara, Rodrigo Maia (DEM-RJ).<\/p>\n\n\t\t<style type=\"text\/css\">\n\t\t\t#gallery-1 {\n\t\t\t\tmargin: auto;\n\t\t\t}\n\t\t\t#gallery-1 .gallery-item {\n\t\t\t\tfloat: left;\n\t\t\t\tmargin-top: 10px;\n\t\t\t\ttext-align: center;\n\t\t\t\twidth: 33%;\n\t\t\t}\n\t\t\t#gallery-1 img {\n\t\t\t\tborder: 2px solid #cfcfcf;\n\t\t\t}\n\t\t\t#gallery-1 .gallery-caption {\n\t\t\t\tmargin-left: 0;\n\t\t\t}\n\t\t\t\/* see gallery_shortcode() in wp-includes\/media.php *\/\n\t\t<\/style>\n\t\t<div id='gallery-1' class='gallery galleryid-10944 gallery-columns-3 gallery-size-thumbnail'><dl class='gallery-item'>\n\t\t\t<dt class='gallery-icon landscape'>\n\t\t\t\t<a href='https:\/\/sinprofaz.org.br\/2024\/wp-content\/uploads\/2019\/12\/2-8-e1576677298605.jpg'><img loading=\"lazy\" decoding=\"async\" width=\"150\" height=\"150\" src=\"https:\/\/sinprofaz.org.br\/2024\/wp-content\/uploads\/2019\/12\/2-8-e1576677298605-150x150.jpg\" class=\"attachment-thumbnail size-thumbnail\" alt=\"\" \/><\/a>\n\t\t\t<\/dt><\/dl><dl class='gallery-item'>\n\t\t\t<dt class='gallery-icon landscape'>\n\t\t\t\t<a href='https:\/\/sinprofaz.org.br\/2024\/wp-content\/uploads\/2019\/12\/3-8-e1576676617207.jpg'><img loading=\"lazy\" decoding=\"async\" width=\"150\" height=\"150\" src=\"https:\/\/sinprofaz.org.br\/2024\/wp-content\/uploads\/2019\/12\/3-8-e1576676617207-150x150.jpg\" class=\"attachment-thumbnail size-thumbnail\" alt=\"\" \/><\/a>\n\t\t\t<\/dt><\/dl><dl class='gallery-item'>\n\t\t\t<dt class='gallery-icon landscape'>\n\t\t\t\t<a href='https:\/\/sinprofaz.org.br\/2024\/wp-content\/uploads\/2019\/12\/4-7-e1576676661600.jpg'><img loading=\"lazy\" decoding=\"async\" width=\"150\" height=\"150\" src=\"https:\/\/sinprofaz.org.br\/2024\/wp-content\/uploads\/2019\/12\/4-7-e1576676661600-150x150.jpg\" class=\"attachment-thumbnail size-thumbnail\" alt=\"\" \/><\/a>\n\t\t\t<\/dt><\/dl><br style=\"clear: both\" \/>\n\t\t<\/div>\n\n","protected":false},"excerpt":{"rendered":"<p>O SINPROFAZ esteve novamente na C\u00e2mara dos Deputados. Juntamente com o deputado federal e filiado, Tadeu Alencar (PSB-PE), o presidente Jos\u00e9 Ernane Brito recebeu a informa\u00e7\u00e3o de que o Projeto de Lei 6.381\/2019 n\u00e3o ser\u00e1 apreciado nesta sess\u00e3o legislativa.<\/p>\n","protected":false},"author":2,"featured_media":10945,"comment_status":"open","ping_status":"open","sticky":false,"template":"","format":"standard","meta":{"footnotes":""},"categories":[8],"tags":[34,73,25],"featured_image_url":"https:\/\/sinprofaz.org.br\/2024\/wp-content\/uploads\/2019\/12\/1-9-e1576676525949.jpg","character_count":571,"formatted_date":"18\/12\/2019 - 10:45","contentNovo":"Na ter\u00e7a-feira (17), o SINPROFAZ, representado pelo presidente Jos\u00e9 Ernane Brito, esteve novamente na C\u00e2mara dos Deputados para acompanhar as delibera\u00e7\u00f5es do plen\u00e1rio da Casa. Juntamente com o deputado federal e filiado, Tadeu Alencar (PSB-PE), o presidente recebeu a informa\u00e7\u00e3o de que o Projeto de Lei 6.381\/2019 n\u00e3o ser\u00e1 apreciado nesta sess\u00e3o legislativa.\r\n\r\nO PL em quest\u00e3o, que pretende revogar o \u00a719 do art. 85 do C\u00f3digo de Processo Civil, foi apresentado na \u00faltima semana. Desde ent\u00e3o, o SINPROFAZ vem trabalhando para convencer parlamentares da import\u00e2ncia de manter valorizadas as carreiras da Advocacia P\u00fablica. Dois dos deputados abordados no dia de ontem foram Leonardo Monteiro (PT-MG) e o presidente da C\u00e2mara, Rodrigo Maia (DEM-RJ).\r\n\r\n[gallery link=\"file\" ids=\"10951,10946,10947\"]","_links":{"self":[{"href":"https:\/\/sinprofaz.org.br\/2024\/wp-json\/wp\/v2\/posts\/10944"}],"collection":[{"href":"https:\/\/sinprofaz.org.br\/2024\/wp-json\/wp\/v2\/posts"}],"about":[{"href":"https:\/\/sinprofaz.org.br\/2024\/wp-json\/wp\/v2\/types\/post"}],"author":[{"embeddable":true,"href":"https:\/\/sinprofaz.org.br\/2024\/wp-json\/wp\/v2\/users\/2"}],"replies":[{"embeddable":true,"href":"https:\/\/sinprofaz.org.br\/2024\/wp-json\/wp\/v2\/comments?post=10944"}],"version-history":[{"count":4,"href":"https:\/\/sinprofaz.org.br\/2024\/wp-json\/wp\/v2\/posts\/10944\/revisions"}],"predecessor-version":[{"id":10959,"href":"https:\/\/sinprofaz.org.br\/2024\/wp-json\/wp\/v2\/posts\/10944\/revisions\/10959"}],"wp:featuredmedia":[{"embeddable":true,"href":"https:\/\/sinprofaz.org.br\/2024\/wp-json\/wp\/v2\/media\/10945"}],"wp:attachment":[{"href":"https:\/\/sinprofaz.org.br\/2024\/wp-json\/wp\/v2\/media?parent=10944"}],"wp:term":[{"taxonomy":"category","embeddable":true,"href":"https:\/\/sinprofaz.org.br\/2024\/wp-json\/wp\/v2\/categories?post=10944"},{"taxonomy":"post_tag","embeddable":true,"href":"https:\/\/sinprofaz.org.br\/2024\/wp-json\/wp\/v2\/tags?post=10944"}],"curies":[{"name":"wp","href":"https:\/\/api.w.org\/{rel}","templated":true}]}}