{"id":10917,"date":"2019-12-16T10:11:00","date_gmt":"2019-12-16T13:11:00","guid":{"rendered":"http:\/\/www.sinprofaz.org.br\/?p=10917"},"modified":"2019-12-17T10:55:14","modified_gmt":"2019-12-17T13:55:14","slug":"para-fabricio-da-soller-conquista-de-prerrogativas-foi-divisor-de-aguas-na-pgfn","status":"publish","type":"post","link":"https:\/\/sinprofaz.org.br\/2024\/noticias\/para-fabricio-da-soller-conquista-de-prerrogativas-foi-divisor-de-aguas-na-pgfn\/","title":{"rendered":"PARA FABR\u00cdCIO DA SOLLER, CONQUISTA DE PRERROGATIVA FOI &#8220;DIVISOR DE \u00c1GUAS&#8221; NA PGFN"},"content":{"rendered":"<p>Fabr\u00edcio Da Soller foi um dos convidados para integrar a mesa na solenidade de abertura do 19\u00ba Encontro do SINPROFAZ. No evento, realizado de 28 de novembro a 1\u00ba de dezembro, em Florian\u00f3polis\/SC, o adjunto do advogado-geral da Uni\u00e3o rememorou fatos de sua gest\u00e3o como procurador-geral da Fazenda Nacional e relembrou o trabalho realizado junto \u00e0 Diretoria do SINPROFAZ. \u201cEnquanto Membros do Sindicato e da Procuradoria-Geral, tivemos a responsabilidade e a sensibilidade de nos comprometermos nas pautas comuns, de dialogarmos sempre e de construirmos algo muito positivo para a nossa Institui\u00e7\u00e3o \u2013 e, de modo geral, para a sociedade brasileira, o que \u00e9 nossa verdadeira miss\u00e3o\u201d, discursou aos presentes.<\/p>\n<p>Segundo Da Soller, a PGFN passou por profundas transforma\u00e7\u00f5es ao longo do tempo, as quais impuseram que a pr\u00f3pria Carreira se reinventasse. De todas as mudan\u00e7as, no entanto, talvez uma n\u00e3o tenha sido percebida em toda a sua dimens\u00e3o e import\u00e2ncia: a Medida Provis\u00f3ria 899\/19, conhecida como \u201cMP do Contribuinte Legal\u201d. &#8220;\u00c9 muito dif\u00edcil conseguir a concord\u00e2ncia das autoridades para a assinatura de uma Medida como essa, o que demonstra a confian\u00e7a e o respeito que o Minist\u00e9rio da Economia e a Presid\u00eancia da Rep\u00fablica t\u00eam pela PGFN.&#8221; Para Da Soller, a Medida Provis\u00f3ria colocou a Institui\u00e7\u00e3o e a Carreira em outro patamar, permitindo que assumissem um papel de protagonismo \u2013 seja na D\u00edvida Ativa, seja na Representa\u00e7\u00e3o Judicial \u2013 inimagin\u00e1vel h\u00e1 alguns anos.<\/p>\n<p>Ao longo da exposi\u00e7\u00e3o, Da Soller fez reflex\u00f5es sobre a Advocacia P\u00fablica Federal. O adjunto do AGU ainda agradeceu \u00e0 Diretoria do SINPROFAZ pela possibilidade de estar junto dos Colegas em mais um Encontro, o qual, segundo ele, contou com numerosa audi\u00eancia dos PFNs. Ao encerrar o discurso, Da Soller lembrou a luta que culminou com a conquista das mais recentes prerrogativas da Carreira. &#8220;A vit\u00f3ria em 2016 foi um divisor de \u00e1guas em nossa Institui\u00e7\u00e3o. Nesses tr\u00eas anos, a PGFN se fortaleceu com o sentimento de pertencimento, de engajamento e de prop\u00f3sito dos Membros, o que se reverteu na qualidade do servi\u00e7o prestado \u00e0 sociedade. Mas n\u00e3o podemos nos descuidar, ainda teremos batalhas pela frente&#8221;, ressaltou Fabr\u00edcio Da Soller.<\/p>\n\n\t\t<style type=\"text\/css\">\n\t\t\t#gallery-1 {\n\t\t\t\tmargin: auto;\n\t\t\t}\n\t\t\t#gallery-1 .gallery-item {\n\t\t\t\tfloat: left;\n\t\t\t\tmargin-top: 10px;\n\t\t\t\ttext-align: center;\n\t\t\t\twidth: 33%;\n\t\t\t}\n\t\t\t#gallery-1 img {\n\t\t\t\tborder: 2px solid #cfcfcf;\n\t\t\t}\n\t\t\t#gallery-1 .gallery-caption {\n\t\t\t\tmargin-left: 0;\n\t\t\t}\n\t\t\t\/* see gallery_shortcode() in wp-includes\/media.php *\/\n\t\t<\/style>\n\t\t<div id='gallery-1' class='gallery galleryid-10917 gallery-columns-3 gallery-size-thumbnail'><dl class='gallery-item'>\n\t\t\t<dt class='gallery-icon landscape'>\n\t\t\t\t<a href='https:\/\/sinprofaz.org.br\/2024\/wp-content\/uploads\/2019\/12\/02-6.jpg'><img loading=\"lazy\" decoding=\"async\" width=\"150\" height=\"150\" src=\"https:\/\/sinprofaz.org.br\/2024\/wp-content\/uploads\/2019\/12\/02-6-150x150.jpg\" class=\"attachment-thumbnail size-thumbnail\" alt=\"\" \/><\/a>\n\t\t\t<\/dt><\/dl><dl class='gallery-item'>\n\t\t\t<dt class='gallery-icon landscape'>\n\t\t\t\t<a href='https:\/\/sinprofaz.org.br\/2024\/wp-content\/uploads\/2019\/12\/03-5.jpg'><img loading=\"lazy\" decoding=\"async\" width=\"150\" height=\"150\" src=\"https:\/\/sinprofaz.org.br\/2024\/wp-content\/uploads\/2019\/12\/03-5-150x150.jpg\" class=\"attachment-thumbnail size-thumbnail\" alt=\"\" \/><\/a>\n\t\t\t<\/dt><\/dl>\n\t\t\t<br style='clear: both' \/>\n\t\t<\/div>\n\n","protected":false},"excerpt":{"rendered":"<p>Fabr\u00edcio Da Soller foi convidado para integrar a mesa na solenidade de abertura do 19\u00ba Encontro do SINPROFAZ. No evento, o adjunto do AGU rememorou fatos de sua gest\u00e3o como PGFN e relembrou o trabalho junto ao SINPROFAZ.<\/p>\n","protected":false},"author":2,"featured_media":10918,"comment_status":"open","ping_status":"open","sticky":false,"template":"","format":"standard","meta":{"footnotes":""},"categories":[8],"tags":[32,62,25],"featured_image_url":"https:\/\/sinprofaz.org.br\/2024\/wp-content\/uploads\/2019\/12\/01-6.jpg","character_count":1330,"formatted_date":"16\/12\/2019 - 10:11","contentNovo":"Fabr\u00edcio Da Soller foi um dos convidados para integrar a mesa na solenidade de abertura do 19\u00ba Encontro do SINPROFAZ. No evento, realizado de 28 de novembro a 1\u00ba de dezembro, em Florian\u00f3polis\/SC, o adjunto do advogado-geral da Uni\u00e3o rememorou fatos de sua gest\u00e3o como procurador-geral da Fazenda Nacional e relembrou o trabalho realizado junto \u00e0 Diretoria do SINPROFAZ. \u201cEnquanto Membros do Sindicato e da Procuradoria-Geral, tivemos a responsabilidade e a sensibilidade de nos comprometermos nas pautas comuns, de dialogarmos sempre e de construirmos algo muito positivo para a nossa Institui\u00e7\u00e3o \u2013 e, de modo geral, para a sociedade brasileira, o que \u00e9 nossa verdadeira miss\u00e3o\u201d, discursou aos presentes.\r\n\r\nSegundo Da Soller, a PGFN passou por profundas transforma\u00e7\u00f5es ao longo do tempo, as quais impuseram que a pr\u00f3pria Carreira se reinventasse. De todas as mudan\u00e7as, no entanto, talvez uma n\u00e3o tenha sido percebida em toda a sua dimens\u00e3o e import\u00e2ncia: a Medida Provis\u00f3ria 899\/19, conhecida como \u201cMP do Contribuinte Legal\u201d. \"\u00c9 muito dif\u00edcil conseguir a concord\u00e2ncia das autoridades para a assinatura de uma Medida como essa, o que demonstra a confian\u00e7a e o respeito que o Minist\u00e9rio da Economia e a Presid\u00eancia da Rep\u00fablica t\u00eam pela PGFN.\" Para Da Soller, a Medida Provis\u00f3ria colocou a Institui\u00e7\u00e3o e a Carreira em outro patamar, permitindo que assumissem um papel de protagonismo \u2013 seja na D\u00edvida Ativa, seja na Representa\u00e7\u00e3o Judicial \u2013 inimagin\u00e1vel h\u00e1 alguns anos.\r\n\r\nAo longo da exposi\u00e7\u00e3o, Da Soller fez reflex\u00f5es sobre a Advocacia P\u00fablica Federal. O adjunto do AGU ainda agradeceu \u00e0 Diretoria do SINPROFAZ pela possibilidade de estar junto dos Colegas em mais um Encontro, o qual, segundo ele, contou com numerosa audi\u00eancia dos PFNs. Ao encerrar o discurso, Da Soller lembrou a luta que culminou com a conquista das mais recentes prerrogativas da Carreira. \"A vit\u00f3ria em 2016 foi um divisor de \u00e1guas em nossa Institui\u00e7\u00e3o. Nesses tr\u00eas anos, a PGFN se fortaleceu com o sentimento de pertencimento, de engajamento e de prop\u00f3sito dos Membros, o que se reverteu na qualidade do servi\u00e7o prestado \u00e0 sociedade. Mas n\u00e3o podemos nos descuidar, ainda teremos batalhas pela frente\", ressaltou Fabr\u00edcio Da Soller.\r\n\r\n[gallery link=\"file\" ids=\"10921,10922\"]","_links":{"self":[{"href":"https:\/\/sinprofaz.org.br\/2024\/wp-json\/wp\/v2\/posts\/10917"}],"collection":[{"href":"https:\/\/sinprofaz.org.br\/2024\/wp-json\/wp\/v2\/posts"}],"about":[{"href":"https:\/\/sinprofaz.org.br\/2024\/wp-json\/wp\/v2\/types\/post"}],"author":[{"embeddable":true,"href":"https:\/\/sinprofaz.org.br\/2024\/wp-json\/wp\/v2\/users\/2"}],"replies":[{"embeddable":true,"href":"https:\/\/sinprofaz.org.br\/2024\/wp-json\/wp\/v2\/comments?post=10917"}],"version-history":[{"count":5,"href":"https:\/\/sinprofaz.org.br\/2024\/wp-json\/wp\/v2\/posts\/10917\/revisions"}],"predecessor-version":[{"id":10943,"href":"https:\/\/sinprofaz.org.br\/2024\/wp-json\/wp\/v2\/posts\/10917\/revisions\/10943"}],"wp:featuredmedia":[{"embeddable":true,"href":"https:\/\/sinprofaz.org.br\/2024\/wp-json\/wp\/v2\/media\/10918"}],"wp:attachment":[{"href":"https:\/\/sinprofaz.org.br\/2024\/wp-json\/wp\/v2\/media?parent=10917"}],"wp:term":[{"taxonomy":"category","embeddable":true,"href":"https:\/\/sinprofaz.org.br\/2024\/wp-json\/wp\/v2\/categories?post=10917"},{"taxonomy":"post_tag","embeddable":true,"href":"https:\/\/sinprofaz.org.br\/2024\/wp-json\/wp\/v2\/tags?post=10917"}],"curies":[{"name":"wp","href":"https:\/\/api.w.org\/{rel}","templated":true}]}}