{"id":10903,"date":"2019-12-12T09:17:26","date_gmt":"2019-12-12T12:17:26","guid":{"rendered":"http:\/\/www.sinprofaz.org.br\/?p=10903"},"modified":"2019-12-13T16:11:24","modified_gmt":"2019-12-13T19:11:24","slug":"sinprofaz-atua-no-congresso-nacional-em-defesa-de-prerrogativa-da-carreira","status":"publish","type":"post","link":"https:\/\/sinprofaz.org.br\/2024\/noticias\/sinprofaz-atua-no-congresso-nacional-em-defesa-de-prerrogativa-da-carreira\/","title":{"rendered":"SINPROFAZ ATUA NO CONGRESSO NACIONAL EM DEFESA DE PRERROGATIVA DA CARREIRA"},"content":{"rendered":"<p>O SINPROFAZ, representado pelo presidente Jos\u00e9 Ernane Brito, esteve durante todo o dia de ontem (11) no Congresso Nacional para atua\u00e7\u00e3o em defesa de prerrogativa da Carreira. A mobiliza\u00e7\u00e3o conjunta com as entidades do Movimento Nacional pela Advocacia P\u00fablica possibilitou o convencimento de parlamentares a respeito da import\u00e2ncia da remunera\u00e7\u00e3o por efici\u00eancia e do retorno que tal medida vem dando aos cofres p\u00fablicos desde que implementada na AGU em 2016.<\/p>\n<p>Aos deputados abordados, o SINPROFAZ questionou o porqu\u00ea de o modelo de premia\u00e7\u00e3o \u00e0 produtividade ser bem visto na iniciativa privada e mal visto no servi\u00e7o p\u00fablico. Na mesma oportunidade, os parlamentares conheceram os n\u00fameros relativos ao recente ganho de efici\u00eancia no \u00e2mbito da Advocacia-Geral da Uni\u00e3o e da Procuradoria da Fazenda Nacional. \u00c9 sabido por exemplo que, para cada R$ 1 que a Uni\u00e3o deixou de arrecadar com honor\u00e1rios\/encargos, a PGFN recuperou R$ 80 em forma de outros cr\u00e9ditos.<\/p>\n<p>Em parceria com o deputado federal e filiado, Tadeu Alencar (PSB-PE), o SINPROFAZ conseguiu contato com parlamentares como F\u00e1bio Trad (PSD-MS), Soraya Santos (PL-RJ), Efraim Filho (DEM-PB), Jer\u00f4nimo Goergen (PP-RS) e Lafayette Andrada (Republicanos-MG). Todos os deputados manifestaram apoio ao pleito da Advocacia P\u00fablica e contribu\u00edram para a revers\u00e3o do cen\u00e1rio em prol da Carreira.<\/p>\n<p>Em defesa da prerrogativa dos advogados p\u00fablicos, a OAB Nacional publicou Nota em que anunciou o empenho &#8220;de todas as for\u00e7as na interlocu\u00e7\u00e3o parlamentar, a fim de que a discuss\u00e3o do PL 6.381\/2019 se desvista de mitos e compreenda a import\u00e2ncia dessa prerrogativa profissional para o conceito de Administra\u00e7\u00e3o P\u00fablica moderna que se pretende implantar no Brasil, em todos os n\u00edveis da federa\u00e7\u00e3o&#8221;. Confira a \u00edntegra da Nota: <a href=\"https:\/\/www.oab.org.br\/noticia\/57833\/nota-em-defesa-dos-honorarios-de-sucumbencia-da-advocacia-publica\">bit.ly\/2YLENhq<\/a><\/p>\n\n\t\t<style type=\"text\/css\">\n\t\t\t#gallery-1 {\n\t\t\t\tmargin: auto;\n\t\t\t}\n\t\t\t#gallery-1 .gallery-item {\n\t\t\t\tfloat: left;\n\t\t\t\tmargin-top: 10px;\n\t\t\t\ttext-align: center;\n\t\t\t\twidth: 33%;\n\t\t\t}\n\t\t\t#gallery-1 img {\n\t\t\t\tborder: 2px solid #cfcfcf;\n\t\t\t}\n\t\t\t#gallery-1 .gallery-caption {\n\t\t\t\tmargin-left: 0;\n\t\t\t}\n\t\t\t\/* see gallery_shortcode() in wp-includes\/media.php *\/\n\t\t<\/style>\n\t\t<div id='gallery-1' class='gallery galleryid-10903 gallery-columns-3 gallery-size-thumbnail'><dl class='gallery-item'>\n\t\t\t<dt class='gallery-icon landscape'>\n\t\t\t\t<a href='https:\/\/sinprofaz.org.br\/2024\/wp-content\/uploads\/2019\/12\/2-2.png'><img loading=\"lazy\" decoding=\"async\" width=\"150\" height=\"150\" src=\"https:\/\/sinprofaz.org.br\/2024\/wp-content\/uploads\/2019\/12\/2-2-150x150.png\" class=\"attachment-thumbnail size-thumbnail\" alt=\"\" \/><\/a>\n\t\t\t<\/dt><\/dl><dl class='gallery-item'>\n\t\t\t<dt class='gallery-icon landscape'>\n\t\t\t\t<a href='https:\/\/sinprofaz.org.br\/2024\/wp-content\/uploads\/2019\/12\/3-1.png'><img loading=\"lazy\" decoding=\"async\" width=\"150\" height=\"150\" src=\"https:\/\/sinprofaz.org.br\/2024\/wp-content\/uploads\/2019\/12\/3-1-150x150.png\" class=\"attachment-thumbnail size-thumbnail\" alt=\"\" \/><\/a>\n\t\t\t<\/dt><\/dl><dl class='gallery-item'>\n\t\t\t<dt class='gallery-icon landscape'>\n\t\t\t\t<a href='https:\/\/sinprofaz.org.br\/2024\/wp-content\/uploads\/2019\/12\/4-1.png'><img loading=\"lazy\" decoding=\"async\" width=\"150\" height=\"150\" src=\"https:\/\/sinprofaz.org.br\/2024\/wp-content\/uploads\/2019\/12\/4-1-150x150.png\" class=\"attachment-thumbnail size-thumbnail\" alt=\"\" \/><\/a>\n\t\t\t<\/dt><\/dl><br style=\"clear: both\" \/><dl class='gallery-item'>\n\t\t\t<dt class='gallery-icon landscape'>\n\t\t\t\t<a href='https:\/\/sinprofaz.org.br\/2024\/wp-content\/uploads\/2019\/12\/5.png'><img loading=\"lazy\" decoding=\"async\" width=\"150\" height=\"150\" src=\"https:\/\/sinprofaz.org.br\/2024\/wp-content\/uploads\/2019\/12\/5-150x150.png\" class=\"attachment-thumbnail size-thumbnail\" alt=\"\" \/><\/a>\n\t\t\t<\/dt><\/dl><dl class='gallery-item'>\n\t\t\t<dt class='gallery-icon landscape'>\n\t\t\t\t<a href='https:\/\/sinprofaz.org.br\/2024\/wp-content\/uploads\/2019\/12\/6.png'><img loading=\"lazy\" decoding=\"async\" width=\"150\" height=\"150\" src=\"https:\/\/sinprofaz.org.br\/2024\/wp-content\/uploads\/2019\/12\/6-150x150.png\" class=\"attachment-thumbnail size-thumbnail\" alt=\"\" \/><\/a>\n\t\t\t<\/dt><\/dl><dl class='gallery-item'>\n\t\t\t<dt class='gallery-icon landscape'>\n\t\t\t\t<a href='https:\/\/sinprofaz.org.br\/2024\/wp-content\/uploads\/2019\/12\/7.png'><img loading=\"lazy\" decoding=\"async\" width=\"150\" height=\"150\" src=\"https:\/\/sinprofaz.org.br\/2024\/wp-content\/uploads\/2019\/12\/7-150x150.png\" class=\"attachment-thumbnail size-thumbnail\" alt=\"\" \/><\/a>\n\t\t\t<\/dt><\/dl><br style=\"clear: both\" \/>\n\t\t<\/div>\n\n","protected":false},"excerpt":{"rendered":"<p>O SINPROFAZ esteve no Congresso Nacional para defesa de prerrogativa da Carreira. A mobiliza\u00e7\u00e3o junto ao Movimento Nacional pela Advocacia P\u00fablica possibilitou o convencimento de deputados sobre a import\u00e2ncia da remunera\u00e7\u00e3o por efici\u00eancia.<\/p>\n","protected":false},"author":2,"featured_media":10904,"comment_status":"open","ping_status":"open","sticky":false,"template":"","format":"standard","meta":{"footnotes":""},"categories":[8],"tags":[34,73,25],"featured_image_url":"https:\/\/sinprofaz.org.br\/2024\/wp-content\/uploads\/2019\/12\/1-2.png","character_count":1126,"formatted_date":"12\/12\/2019 - 09:17","contentNovo":"O SINPROFAZ, representado pelo presidente Jos\u00e9 Ernane Brito, esteve durante todo o dia de ontem (11) no Congresso Nacional para atua\u00e7\u00e3o em defesa de prerrogativa da Carreira. A mobiliza\u00e7\u00e3o conjunta com as entidades do Movimento Nacional pela Advocacia P\u00fablica possibilitou o convencimento de parlamentares a respeito da import\u00e2ncia da remunera\u00e7\u00e3o por efici\u00eancia e do retorno que tal medida vem dando aos cofres p\u00fablicos desde que implementada na AGU em 2016.\r\n\r\nAos deputados abordados, o SINPROFAZ questionou o porqu\u00ea de o modelo de premia\u00e7\u00e3o \u00e0 produtividade ser bem visto na iniciativa privada e mal visto no servi\u00e7o p\u00fablico. Na mesma oportunidade, os parlamentares conheceram os n\u00fameros relativos ao recente ganho de efici\u00eancia no \u00e2mbito da Advocacia-Geral da Uni\u00e3o e da Procuradoria da Fazenda Nacional. \u00c9 sabido por exemplo que, para cada R$ 1 que a Uni\u00e3o deixou de arrecadar com honor\u00e1rios\/encargos, a PGFN recuperou R$ 80 em forma de outros cr\u00e9ditos.\r\n\r\nEm parceria com o deputado federal e filiado, Tadeu Alencar (PSB-PE), o SINPROFAZ conseguiu contato com parlamentares como F\u00e1bio Trad (PSD-MS), Soraya Santos (PL-RJ), Efraim Filho (DEM-PB), Jer\u00f4nimo Goergen (PP-RS) e Lafayette Andrada (Republicanos-MG). Todos os deputados manifestaram apoio ao pleito da Advocacia P\u00fablica e contribu\u00edram para a revers\u00e3o do cen\u00e1rio em prol da Carreira.\r\n\r\nEm defesa da prerrogativa dos advogados p\u00fablicos, a OAB Nacional publicou Nota em que anunciou o empenho \"de todas as for\u00e7as na interlocu\u00e7\u00e3o parlamentar, a fim de que a discuss\u00e3o do PL 6.381\/2019 se desvista de mitos e compreenda a import\u00e2ncia dessa prerrogativa profissional para o conceito de Administra\u00e7\u00e3o P\u00fablica moderna que se pretende implantar no Brasil, em todos os n\u00edveis da federa\u00e7\u00e3o\". Confira a \u00edntegra da Nota: <a href=\"https:\/\/www.oab.org.br\/noticia\/57833\/nota-em-defesa-dos-honorarios-de-sucumbencia-da-advocacia-publica\">bit.ly\/2YLENhq<\/a>\r\n\r\n[gallery link=\"file\" ids=\"10905,10906,10907,10908,10909,10910\"]","_links":{"self":[{"href":"https:\/\/sinprofaz.org.br\/2024\/wp-json\/wp\/v2\/posts\/10903"}],"collection":[{"href":"https:\/\/sinprofaz.org.br\/2024\/wp-json\/wp\/v2\/posts"}],"about":[{"href":"https:\/\/sinprofaz.org.br\/2024\/wp-json\/wp\/v2\/types\/post"}],"author":[{"embeddable":true,"href":"https:\/\/sinprofaz.org.br\/2024\/wp-json\/wp\/v2\/users\/2"}],"replies":[{"embeddable":true,"href":"https:\/\/sinprofaz.org.br\/2024\/wp-json\/wp\/v2\/comments?post=10903"}],"version-history":[{"count":4,"href":"https:\/\/sinprofaz.org.br\/2024\/wp-json\/wp\/v2\/posts\/10903\/revisions"}],"predecessor-version":[{"id":10916,"href":"https:\/\/sinprofaz.org.br\/2024\/wp-json\/wp\/v2\/posts\/10903\/revisions\/10916"}],"wp:featuredmedia":[{"embeddable":true,"href":"https:\/\/sinprofaz.org.br\/2024\/wp-json\/wp\/v2\/media\/10904"}],"wp:attachment":[{"href":"https:\/\/sinprofaz.org.br\/2024\/wp-json\/wp\/v2\/media?parent=10903"}],"wp:term":[{"taxonomy":"category","embeddable":true,"href":"https:\/\/sinprofaz.org.br\/2024\/wp-json\/wp\/v2\/categories?post=10903"},{"taxonomy":"post_tag","embeddable":true,"href":"https:\/\/sinprofaz.org.br\/2024\/wp-json\/wp\/v2\/tags?post=10903"}],"curies":[{"name":"wp","href":"https:\/\/api.w.org\/{rel}","templated":true}]}}