{"id":1088,"date":"2012-11-23T16:04:53","date_gmt":"2012-11-23T16:04:53","guid":{"rendered":""},"modified":"-0001-11-30T00:00:00","modified_gmt":"-0001-11-30T03:00:00","slug":"ix-congresso-nacional-de-estudos-tributarios","status":"publish","type":"post","link":"https:\/\/sinprofaz.org.br\/2024\/noticias\/ix-congresso-nacional-de-estudos-tributarios\/","title":{"rendered":"IX Congresso Nacional de Estudos Tribut\u00e1rios"},"content":{"rendered":"<p><img loading=\"lazy\" decoding=\"async\" style=\"margin-right: 10px; float: left;\" alt=\"IX Congresso Nacional de Estudos Tribut\u00e1rios\" src=\"images\/noticias\/ibet-xi-congresso-nacional-estudos-tributarios.jpg\" height=\"210\" width=\"150\" \/>PFN, aproveite o desconto de 30% e confirme sua inscri\u00e7\u00e3o no evento, que ser\u00e1 realizado entre os dias 12 a 14 de dezembro do corrente ano.<\/p>\n<p>O IX Congresso Nacional de Direito Tribut\u00e1rio \u00e9 uma realiza\u00e7\u00e3o do IBET \u2013 Instituto Brasileiro de Estudos Tribut\u00e1rios, sob a presid\u00eancia do professor titular e em\u00e9rito da USP e PUC\/SP, Paulo Bastos Carvalho. Ele far\u00e1 a confer\u00eancia de abertura tratando do tema Sistema Tribut\u00e1rio Nacional e a Estabilidade Brasileira.<\/p>\n<p>A Diretoria do IBET est\u00e1 oferecendo um desconto especial de 30% aos Procuradores da Fazenda interessados em participar do congresso, que acontecer\u00e1 no hotel Renaissance em S\u00e3o Paulo.<\/p>\n<p>Confira a programa\u00e7\u00e3o completa no site <a title=\"IBET\" href=\"http:\/\/www.ibet.com.br\" target=\"_blank\">www.ibet.com.br<\/a><\/p>\n","protected":false},"excerpt":{"rendered":"<p>PFN, aproveite o desconto de 30% e confirme sua inscri\u00e7\u00e3o no evento, que ser\u00e1 realizado entre os dias 12 a 14 de dezembro do corrente ano.<\/p>\n","protected":false},"author":1,"featured_media":0,"comment_status":"closed","ping_status":"open","sticky":false,"template":"","format":"standard","meta":{"footnotes":""},"categories":[8],"tags":[],"featured_image_url":"https:\/\/dummyimage.com\/720x400","character_count":357,"formatted_date":"23\/11\/2012 - 16:04","contentNovo":"\r\n<p>PFN, aproveite o desconto de 30% e confirme sua inscri\u00e7\u00e3o no evento, que ser\u00e1 realizado entre os dias 12 a 14 de dezembro do corrente ano.<\/p>\r\n<p>O IX Congresso Nacional de Direito Tribut\u00e1rio \u00e9 uma realiza\u00e7\u00e3o do IBET \u2013 Instituto Brasileiro de Estudos Tribut\u00e1rios, sob a presid\u00eancia do professor titular e em\u00e9rito da USP e PUC\/SP, Paulo Bastos Carvalho. Ele far\u00e1 a confer\u00eancia de abertura tratando do tema Sistema Tribut\u00e1rio Nacional e a Estabilidade Brasileira.<\/p>\r\n<p>A Diretoria do IBET est\u00e1 oferecendo um desconto especial de 30% aos Procuradores da Fazenda interessados em participar do congresso, que acontecer\u00e1 no hotel Renaissance em S\u00e3o Paulo.<\/p>\r\n<p>Confira a programa\u00e7\u00e3o completa no site <a title=\"IBET\" href=\"http:\/\/www.ibet.com.br\" target=\"_blank\">www.ibet.com.br<\/a><\/p>","_links":{"self":[{"href":"https:\/\/sinprofaz.org.br\/2024\/wp-json\/wp\/v2\/posts\/1088"}],"collection":[{"href":"https:\/\/sinprofaz.org.br\/2024\/wp-json\/wp\/v2\/posts"}],"about":[{"href":"https:\/\/sinprofaz.org.br\/2024\/wp-json\/wp\/v2\/types\/post"}],"author":[{"embeddable":true,"href":"https:\/\/sinprofaz.org.br\/2024\/wp-json\/wp\/v2\/users\/1"}],"replies":[{"embeddable":true,"href":"https:\/\/sinprofaz.org.br\/2024\/wp-json\/wp\/v2\/comments?post=1088"}],"version-history":[{"count":0,"href":"https:\/\/sinprofaz.org.br\/2024\/wp-json\/wp\/v2\/posts\/1088\/revisions"}],"wp:attachment":[{"href":"https:\/\/sinprofaz.org.br\/2024\/wp-json\/wp\/v2\/media?parent=1088"}],"wp:term":[{"taxonomy":"category","embeddable":true,"href":"https:\/\/sinprofaz.org.br\/2024\/wp-json\/wp\/v2\/categories?post=1088"},{"taxonomy":"post_tag","embeddable":true,"href":"https:\/\/sinprofaz.org.br\/2024\/wp-json\/wp\/v2\/tags?post=1088"}],"curies":[{"name":"wp","href":"https:\/\/api.w.org\/{rel}","templated":true}]}}