{"id":10868,"date":"2019-12-09T09:11:31","date_gmt":"2019-12-09T12:11:31","guid":{"rendered":"http:\/\/www.sinprofaz.org.br\/?p=10868"},"modified":"2019-12-10T09:38:19","modified_gmt":"2019-12-10T12:38:19","slug":"presidente-do-sinprofaz-discursa-em-solenidade-de-abertura-do-19o-encontro","status":"publish","type":"post","link":"https:\/\/sinprofaz.org.br\/2024\/noticias\/presidente-do-sinprofaz-discursa-em-solenidade-de-abertura-do-19o-encontro\/","title":{"rendered":"PRESIDENTE DO SINPROFAZ DISCURSA EM SOLENIDADE DE ABERTURA DO 19\u00ba ENCONTRO"},"content":{"rendered":"<p class=\"p1\">Jos\u00e9 Ernane Brito foi o respons\u00e1vel por abrir os trabalhos na noite inaugural do 19\u00ba Encontro Nacional dos Procuradores da Fazenda Nacional. Em discurso no primeiro Encontro sob sua gest\u00e3o, o presidente do SINPROFAZ abordou o tema escolhido pela Diretoria para nortear as exposi\u00e7\u00f5es ao longo do evento: &#8220;PGFN e Democracia&#8221;. Segundo Jos\u00e9 Ernane Brito, &#8220;da cobran\u00e7a dos cr\u00e9ditos e do combate \u00e0 sonega\u00e7\u00e3o v\u00eam os recursos indispens\u00e1veis \u00e0 presta\u00e7\u00e3o dos servi\u00e7os p\u00fablicos. Um verdadeiro Estado Democr\u00e1tico de Direito tem como pilares inafast\u00e1veis a cidadania e a dignidade da pessoa humana. Mas n\u00e3o h\u00e1 se falar em dignidade e em cidadania num terreno em que domina e prospera a injusti\u00e7a fiscal, social e econ\u00f4mica, a qual fere de morte os princ\u00edpios da livre iniciativa e da livre concorr\u00eancia&#8221;.<\/p>\n<p class=\"p1\">O tema do evento, de acordo com o presidente do SINPROFAZ, foi pensado pela Diretoria sob duas \u00f3ticas. Uma delas \u00e9 interna, para constru\u00e7\u00e3o e fortalecimento da PGFN com base no di\u00e1logo horizontalizado entre todos os Membros, levando-se em considera\u00e7\u00e3o as peculiaridades de cada proje\u00e7\u00e3o da Procuradoria da Fazenda Nacional no momento da tomada de decis\u00f5es e da ado\u00e7\u00e3o de pol\u00edticas que visem incrementar a arrecada\u00e7\u00e3o. &#8220;E, noutro diapas\u00e3o, numa \u00f3tica externa, de contribui\u00e7\u00e3o com toda a formata\u00e7\u00e3o que respeite o regime pol\u00edtico democr\u00e1tico, pois somos Institui\u00e7\u00e3o republicana, democr\u00e1tica e quatrocenten\u00e1ria \u2013 com nascedouro no regimento de 7 de mar\u00e7o de 1609, quando nossos precursores eram chamados procuradores &#8216;dos feitos da Coroa, da Fazenda e do Fisco&#8217;.\u201d<\/p>\n<p class=\"p1\">Ao findar o discurso, Jos\u00e9 Ernane Brito ressaltou que n\u00e3o h\u00e1 como falar em Constitui\u00e7\u00e3o da Rep\u00fablica, em Estado de Direito, em organiza\u00e7\u00e3o dos Poderes, em Fun\u00e7\u00f5es Essenciais \u00e0 Justi\u00e7a e em\u00a0Advocacia P\u00fablica de Estado sem a defesa veemente, intransigente e inafast\u00e1vel da Democracia, pois o regime democr\u00e1tico \u00e9 o verdadeiro sustent\u00e1culo pol\u00edtico para todo o restante. &#8220;O SINPROFAZ est\u00e1 atento e vigilante. Este ano, participamos diretamente de v\u00e1rias audi\u00eancias p\u00fablicas no Congresso Nacional, defendendo a Democracia, o sistema republicano, a justi\u00e7a fiscal, o servi\u00e7o p\u00fablico e a solidariedade social no \u00e2mbito das reformas constitucionais. N\u00e3o\u00a0transigiremos\u00a0com qualquer projeto que vise \u00e0 regress\u00e3o do Estado Democr\u00e1tico de Direito&#8221;, concluiu o presidente.<\/p>\n\n\t\t<style type=\"text\/css\">\n\t\t\t#gallery-1 {\n\t\t\t\tmargin: auto;\n\t\t\t}\n\t\t\t#gallery-1 .gallery-item {\n\t\t\t\tfloat: left;\n\t\t\t\tmargin-top: 10px;\n\t\t\t\ttext-align: center;\n\t\t\t\twidth: 33%;\n\t\t\t}\n\t\t\t#gallery-1 img {\n\t\t\t\tborder: 2px solid #cfcfcf;\n\t\t\t}\n\t\t\t#gallery-1 .gallery-caption {\n\t\t\t\tmargin-left: 0;\n\t\t\t}\n\t\t\t\/* see gallery_shortcode() in wp-includes\/media.php *\/\n\t\t<\/style>\n\t\t<div id='gallery-1' class='gallery galleryid-10868 gallery-columns-3 gallery-size-thumbnail'><dl class='gallery-item'>\n\t\t\t<dt class='gallery-icon landscape'>\n\t\t\t\t<a href='https:\/\/sinprofaz.org.br\/2024\/wp-content\/uploads\/2019\/12\/2-1.png'><img loading=\"lazy\" decoding=\"async\" width=\"150\" height=\"150\" src=\"https:\/\/sinprofaz.org.br\/2024\/wp-content\/uploads\/2019\/12\/2-1-150x150.png\" class=\"attachment-thumbnail size-thumbnail\" alt=\"\" \/><\/a>\n\t\t\t<\/dt><\/dl><dl class='gallery-item'>\n\t\t\t<dt class='gallery-icon landscape'>\n\t\t\t\t<a href='https:\/\/sinprofaz.org.br\/2024\/wp-content\/uploads\/2019\/12\/3.png'><img loading=\"lazy\" decoding=\"async\" width=\"150\" height=\"150\" src=\"https:\/\/sinprofaz.org.br\/2024\/wp-content\/uploads\/2019\/12\/3-150x150.png\" class=\"attachment-thumbnail size-thumbnail\" alt=\"\" \/><\/a>\n\t\t\t<\/dt><\/dl><dl class='gallery-item'>\n\t\t\t<dt class='gallery-icon landscape'>\n\t\t\t\t<a href='https:\/\/sinprofaz.org.br\/2024\/wp-content\/uploads\/2019\/12\/4.png'><img loading=\"lazy\" decoding=\"async\" width=\"150\" height=\"150\" src=\"https:\/\/sinprofaz.org.br\/2024\/wp-content\/uploads\/2019\/12\/4-150x150.png\" class=\"attachment-thumbnail size-thumbnail\" alt=\"\" \/><\/a>\n\t\t\t<\/dt><\/dl><br style=\"clear: both\" \/>\n\t\t<\/div>\n\n","protected":false},"excerpt":{"rendered":"<p>Jos\u00e9 Ernane Brito foi o respons\u00e1vel por abrir os trabalhos na noite inaugural do 19\u00ba Encontro Nacional dos Procuradores da Fazenda Nacional. Em discurso, o presidente abordou o tema &#8220;PGFN e Democracia&#8221;.<\/p>\n","protected":false},"author":2,"featured_media":10862,"comment_status":"open","ping_status":"open","sticky":false,"template":"","format":"standard","meta":{"footnotes":""},"categories":[8],"tags":[27,62,25],"featured_image_url":"https:\/\/sinprofaz.org.br\/2024\/wp-content\/uploads\/2019\/12\/1-1.png","character_count":1419,"formatted_date":"09\/12\/2019 - 09:11","contentNovo":"<p class=\"p1\">Jos\u00e9 Ernane Brito foi o respons\u00e1vel por abrir os trabalhos na noite inaugural do 19\u00ba Encontro Nacional dos Procuradores da Fazenda Nacional. Em discurso no primeiro Encontro sob sua gest\u00e3o, o presidente do SINPROFAZ abordou o tema escolhido pela Diretoria para nortear as exposi\u00e7\u00f5es ao longo do evento: \"PGFN e Democracia\". Segundo Jos\u00e9 Ernane Brito, \"da cobran\u00e7a dos cr\u00e9ditos e do combate \u00e0 sonega\u00e7\u00e3o v\u00eam os recursos indispens\u00e1veis \u00e0 presta\u00e7\u00e3o dos servi\u00e7os p\u00fablicos. Um verdadeiro Estado Democr\u00e1tico de Direito tem como pilares inafast\u00e1veis a cidadania e a dignidade da pessoa humana. Mas n\u00e3o h\u00e1 se falar em dignidade e em cidadania num terreno em que domina e prospera a injusti\u00e7a fiscal, social e econ\u00f4mica, a qual fere de morte os princ\u00edpios da livre iniciativa e da livre concorr\u00eancia\".<\/p>\r\n<p class=\"p1\">O tema do evento, de acordo com o presidente do SINPROFAZ, foi pensado pela Diretoria sob duas \u00f3ticas. Uma delas \u00e9 interna, para constru\u00e7\u00e3o e fortalecimento da PGFN com base no di\u00e1logo horizontalizado entre todos os Membros, levando-se em considera\u00e7\u00e3o as peculiaridades de cada proje\u00e7\u00e3o da Procuradoria da Fazenda Nacional no momento da tomada de decis\u00f5es e da ado\u00e7\u00e3o de pol\u00edticas que visem incrementar a arrecada\u00e7\u00e3o. \"E, noutro diapas\u00e3o, numa \u00f3tica externa, de contribui\u00e7\u00e3o com toda a formata\u00e7\u00e3o que respeite o regime pol\u00edtico democr\u00e1tico, pois somos Institui\u00e7\u00e3o republicana, democr\u00e1tica e quatrocenten\u00e1ria \u2013 com nascedouro no regimento de 7 de mar\u00e7o de 1609, quando nossos precursores eram chamados procuradores 'dos feitos da Coroa, da Fazenda e do Fisco'.\u201d<\/p>\r\n<p class=\"p1\">Ao findar o discurso, Jos\u00e9 Ernane Brito ressaltou que n\u00e3o h\u00e1 como falar em Constitui\u00e7\u00e3o da Rep\u00fablica, em Estado de Direito, em organiza\u00e7\u00e3o dos Poderes, em Fun\u00e7\u00f5es Essenciais \u00e0 Justi\u00e7a e em\u00a0Advocacia P\u00fablica de Estado sem a defesa veemente, intransigente e inafast\u00e1vel da Democracia, pois o regime democr\u00e1tico \u00e9 o verdadeiro sustent\u00e1culo pol\u00edtico para todo o restante. \"O SINPROFAZ est\u00e1 atento e vigilante. Este ano, participamos diretamente de v\u00e1rias audi\u00eancias p\u00fablicas no Congresso Nacional, defendendo a Democracia, o sistema republicano, a justi\u00e7a fiscal, o servi\u00e7o p\u00fablico e a solidariedade social no \u00e2mbito das reformas constitucionais. N\u00e3o\u00a0transigiremos\u00a0com qualquer projeto que vise \u00e0 regress\u00e3o do Estado Democr\u00e1tico de Direito\", concluiu o presidente.<\/p>\r\n[gallery link=\"file\" ids=\"10863,10864,10865\"]","_links":{"self":[{"href":"https:\/\/sinprofaz.org.br\/2024\/wp-json\/wp\/v2\/posts\/10868"}],"collection":[{"href":"https:\/\/sinprofaz.org.br\/2024\/wp-json\/wp\/v2\/posts"}],"about":[{"href":"https:\/\/sinprofaz.org.br\/2024\/wp-json\/wp\/v2\/types\/post"}],"author":[{"embeddable":true,"href":"https:\/\/sinprofaz.org.br\/2024\/wp-json\/wp\/v2\/users\/2"}],"replies":[{"embeddable":true,"href":"https:\/\/sinprofaz.org.br\/2024\/wp-json\/wp\/v2\/comments?post=10868"}],"version-history":[{"count":3,"href":"https:\/\/sinprofaz.org.br\/2024\/wp-json\/wp\/v2\/posts\/10868\/revisions"}],"predecessor-version":[{"id":10880,"href":"https:\/\/sinprofaz.org.br\/2024\/wp-json\/wp\/v2\/posts\/10868\/revisions\/10880"}],"wp:featuredmedia":[{"embeddable":true,"href":"https:\/\/sinprofaz.org.br\/2024\/wp-json\/wp\/v2\/media\/10862"}],"wp:attachment":[{"href":"https:\/\/sinprofaz.org.br\/2024\/wp-json\/wp\/v2\/media?parent=10868"}],"wp:term":[{"taxonomy":"category","embeddable":true,"href":"https:\/\/sinprofaz.org.br\/2024\/wp-json\/wp\/v2\/categories?post=10868"},{"taxonomy":"post_tag","embeddable":true,"href":"https:\/\/sinprofaz.org.br\/2024\/wp-json\/wp\/v2\/tags?post=10868"}],"curies":[{"name":"wp","href":"https:\/\/api.w.org\/{rel}","templated":true}]}}