{"id":1086,"date":"2012-11-23T11:27:25","date_gmt":"2012-11-23T11:27:25","guid":{"rendered":""},"modified":"-0001-11-30T00:00:00","modified_gmt":"-0001-11-30T03:00:00","slug":"12o-encontro-sai-portaria-com-liberacao-de-ponto-dos-pfns","status":"publish","type":"post","link":"https:\/\/sinprofaz.org.br\/2024\/noticias\/12o-encontro-sai-portaria-com-liberacao-de-ponto-dos-pfns\/","title":{"rendered":"12\u00ba Encontro: Sai Portaria com libera\u00e7\u00e3o de ponto dos PFNs"},"content":{"rendered":"<p>O per\u00edodo de afastamento, nos termos da Portaria, dever\u00e1 ser justificado mediante apresenta\u00e7\u00e3o de comprovante de participa\u00e7\u00e3o de cada PFN no evento.<\/p>\n<p>As horas n\u00e3o trabalhadas dever\u00e3o ser objeto de compensa\u00e7\u00e3o at\u00e9 31 de dezembro de 2012, na forma do disposto no art. 44 da Lei n\u00b0 8.112\/90.<\/p>\n<p>A Portaria excetua a libera\u00e7\u00e3o do PFN que esteja convocado para participar do Encontro de Gest\u00e3o e Planejamento da PGFN, que coincide com o per\u00edodo do 12\u00ba Encontro.<\/p>\n<h3>Pacote alternativo<\/h3>\n<p>Filiados do SINPROFAZ, participantes do Encontro de Gest\u00e3o em Bras\u00edlia, ou que s\u00f3 possam chegar ao evento no dia 7\/12, podem adquirir pacote com sa\u00edda programada para segunda, 10\/12.<\/p>\n<p>Esta medida mant\u00e9m o mesmo valor referente a tr\u00eas pernoites no resort Iberostar Praia do Forte (BA) e inclui o subs\u00eddio para os primeiros 250 PFNs filiados que confirmarem sua inscri\u00e7\u00e3o.<\/p>\n<h3>Reservas<\/h3>\n<p>Para garantir sua reserva nesse pacote alternativo \u00e9 necess\u00e1rio contatar a empresa Ambiental Viagens e Turismo, pelo telefone (11) 3818-4600. Identifique-se como PFN e informe que deseja aderir ao pacote do 12\u00ba Encontro do SINPROFAZ, com chegada em 7\/12 e sa\u00edda em 10\/12.<\/p>\n","protected":false},"excerpt":{"rendered":"<p>A Portaria 789, de 7 de novembro de 2012, confirma a libera\u00e7\u00e3o de ponto dos PFNs inscritos no 12\u00ba Encontro Nacional da Carreira.<\/p>\n","protected":false},"author":1,"featured_media":0,"comment_status":"closed","ping_status":"open","sticky":false,"template":"","format":"standard","meta":{"footnotes":""},"categories":[8],"tags":[],"featured_image_url":"https:\/\/dummyimage.com\/720x400","character_count":577,"formatted_date":"23\/11\/2012 - 11:27","contentNovo":"\r\n<p>O per\u00edodo de afastamento, nos termos da Portaria, dever\u00e1 ser justificado mediante apresenta\u00e7\u00e3o de comprovante de participa\u00e7\u00e3o de cada PFN no evento.<\/p>\r\n<p>As horas n\u00e3o trabalhadas dever\u00e3o ser objeto de compensa\u00e7\u00e3o at\u00e9 31 de dezembro de 2012, na forma do disposto no art. 44 da Lei n\u00b0 8.112\/90.<\/p>\r\n<p>A Portaria excetua a libera\u00e7\u00e3o do PFN que esteja convocado para participar do Encontro de Gest\u00e3o e Planejamento da PGFN, que coincide com o per\u00edodo do 12\u00ba Encontro.<\/p>\r\nPacote alternativo\r\n<p>Filiados do SINPROFAZ, participantes do Encontro de Gest\u00e3o em Bras\u00edlia, ou que s\u00f3 possam chegar ao evento no dia 7\/12, podem adquirir pacote com sa\u00edda programada para segunda, 10\/12.<\/p>\r\n<p>Esta medida mant\u00e9m o mesmo valor referente a tr\u00eas pernoites no resort Iberostar Praia do Forte (BA) e inclui o subs\u00eddio para os primeiros 250 PFNs filiados que confirmarem sua inscri\u00e7\u00e3o.<\/p>\r\nReservas\r\n<p>Para garantir sua reserva nesse pacote alternativo \u00e9 necess\u00e1rio contatar a empresa Ambiental Viagens e Turismo, pelo telefone (11) 3818-4600. Identifique-se como PFN e informe que deseja aderir ao pacote do 12\u00ba Encontro do SINPROFAZ, com chegada em 7\/12 e sa\u00edda em 10\/12.<\/p>","_links":{"self":[{"href":"https:\/\/sinprofaz.org.br\/2024\/wp-json\/wp\/v2\/posts\/1086"}],"collection":[{"href":"https:\/\/sinprofaz.org.br\/2024\/wp-json\/wp\/v2\/posts"}],"about":[{"href":"https:\/\/sinprofaz.org.br\/2024\/wp-json\/wp\/v2\/types\/post"}],"author":[{"embeddable":true,"href":"https:\/\/sinprofaz.org.br\/2024\/wp-json\/wp\/v2\/users\/1"}],"replies":[{"embeddable":true,"href":"https:\/\/sinprofaz.org.br\/2024\/wp-json\/wp\/v2\/comments?post=1086"}],"version-history":[{"count":0,"href":"https:\/\/sinprofaz.org.br\/2024\/wp-json\/wp\/v2\/posts\/1086\/revisions"}],"wp:attachment":[{"href":"https:\/\/sinprofaz.org.br\/2024\/wp-json\/wp\/v2\/media?parent=1086"}],"wp:term":[{"taxonomy":"category","embeddable":true,"href":"https:\/\/sinprofaz.org.br\/2024\/wp-json\/wp\/v2\/categories?post=1086"},{"taxonomy":"post_tag","embeddable":true,"href":"https:\/\/sinprofaz.org.br\/2024\/wp-json\/wp\/v2\/tags?post=1086"}],"curies":[{"name":"wp","href":"https:\/\/api.w.org\/{rel}","templated":true}]}}