{"id":10827,"date":"2019-12-03T17:39:10","date_gmt":"2019-12-03T20:39:10","guid":{"rendered":"http:\/\/www.sinprofaz.org.br\/?p=10827"},"modified":"2019-12-03T17:39:21","modified_gmt":"2019-12-03T20:39:21","slug":"presidente-do-sinprofaz-se-reune-em-gabinete-de-vice-lider-do-governo","status":"publish","type":"post","link":"https:\/\/sinprofaz.org.br\/2024\/noticias\/presidente-do-sinprofaz-se-reune-em-gabinete-de-vice-lider-do-governo\/","title":{"rendered":"PRESIDENTE DO SINPROFAZ SE RE\u00daNE EM GABINETE DE VICE-L\u00cdDER DO GOVERNO"},"content":{"rendered":"<p>O SINPROFAZ, representado pelo presidente Jos\u00e9 Ernane Brito, esteve hoje (3) em visita ao Senado Federal. Na oportunidade, ele se reuniu com a assessoria do senador Eduardo Gomes (MDB-TO), vice-l\u00edder do Governo no Congresso.<\/p>\n<p>Ao longo da reuni\u00e3o, Jos\u00e9 Ernane Brito colocou-se \u00e0 disposi\u00e7\u00e3o para debate a respeito de qualquer projeto de interesse do senador que afete a Advocacia P\u00fablica Federal. Aberta \u00e0s contribui\u00e7\u00f5es do SINPROFAZ, a assessoria afirmou que contar\u00e1 com as sugest\u00f5es do Sindicato caso um projeto seja de fato apresentado.<\/p>\n\n\t\t<style type=\"text\/css\">\n\t\t\t#gallery-1 {\n\t\t\t\tmargin: auto;\n\t\t\t}\n\t\t\t#gallery-1 .gallery-item {\n\t\t\t\tfloat: left;\n\t\t\t\tmargin-top: 10px;\n\t\t\t\ttext-align: center;\n\t\t\t\twidth: 33%;\n\t\t\t}\n\t\t\t#gallery-1 img {\n\t\t\t\tborder: 2px solid #cfcfcf;\n\t\t\t}\n\t\t\t#gallery-1 .gallery-caption {\n\t\t\t\tmargin-left: 0;\n\t\t\t}\n\t\t\t\/* see gallery_shortcode() in wp-includes\/media.php *\/\n\t\t<\/style>\n\t\t<div id='gallery-1' class='gallery galleryid-10827 gallery-columns-3 gallery-size-thumbnail'><dl class='gallery-item'>\n\t\t\t<dt class='gallery-icon landscape'>\n\t\t\t\t<a href='https:\/\/sinprofaz.org.br\/2024\/wp-content\/uploads\/2019\/12\/02-2.jpg'><img loading=\"lazy\" decoding=\"async\" width=\"150\" height=\"150\" src=\"https:\/\/sinprofaz.org.br\/2024\/wp-content\/uploads\/2019\/12\/02-2-150x150.jpg\" class=\"attachment-thumbnail size-thumbnail\" alt=\"\" \/><\/a>\n\t\t\t<\/dt><\/dl>\n\t\t\t<br style='clear: both' \/>\n\t\t<\/div>\n\n","protected":false},"excerpt":{"rendered":"<p>Ao longo da reuni\u00e3o, Jos\u00e9 Ernane Brito colocou-se \u00e0 disposi\u00e7\u00e3o para debate a respeito de qualquer projeto de interesse do senador que afete a Advocacia P\u00fablica Federal. Aberta \u00e0s contribui\u00e7\u00f5es do SINPROFAZ, a assessoria afirmou que contar\u00e1 com as sugest\u00f5es do Sindicato.<\/p>\n","protected":false},"author":2,"featured_media":10828,"comment_status":"open","ping_status":"open","sticky":false,"template":"","format":"standard","meta":{"footnotes":""},"categories":[8],"tags":[32,53,25],"featured_image_url":"https:\/\/sinprofaz.org.br\/2024\/wp-content\/uploads\/2019\/12\/01-2.jpg","character_count":453,"formatted_date":"03\/12\/2019 - 17:39","contentNovo":"O SINPROFAZ, representado pelo presidente Jos\u00e9 Ernane Brito, esteve hoje (3) em visita ao Senado Federal. Na oportunidade, ele se reuniu com a assessoria do senador Eduardo Gomes (MDB-TO), vice-l\u00edder do Governo no Congresso.\r\n\r\nAo longo da reuni\u00e3o, Jos\u00e9 Ernane Brito colocou-se \u00e0 disposi\u00e7\u00e3o para debate a respeito de qualquer projeto de interesse do senador que afete a Advocacia P\u00fablica Federal. Aberta \u00e0s contribui\u00e7\u00f5es do SINPROFAZ, a assessoria afirmou que contar\u00e1 com as sugest\u00f5es do Sindicato caso um projeto seja de fato apresentado.\r\n\r\n[gallery link=\"file\" ids=\"10829\"]","_links":{"self":[{"href":"https:\/\/sinprofaz.org.br\/2024\/wp-json\/wp\/v2\/posts\/10827"}],"collection":[{"href":"https:\/\/sinprofaz.org.br\/2024\/wp-json\/wp\/v2\/posts"}],"about":[{"href":"https:\/\/sinprofaz.org.br\/2024\/wp-json\/wp\/v2\/types\/post"}],"author":[{"embeddable":true,"href":"https:\/\/sinprofaz.org.br\/2024\/wp-json\/wp\/v2\/users\/2"}],"replies":[{"embeddable":true,"href":"https:\/\/sinprofaz.org.br\/2024\/wp-json\/wp\/v2\/comments?post=10827"}],"version-history":[{"count":1,"href":"https:\/\/sinprofaz.org.br\/2024\/wp-json\/wp\/v2\/posts\/10827\/revisions"}],"predecessor-version":[{"id":10830,"href":"https:\/\/sinprofaz.org.br\/2024\/wp-json\/wp\/v2\/posts\/10827\/revisions\/10830"}],"wp:featuredmedia":[{"embeddable":true,"href":"https:\/\/sinprofaz.org.br\/2024\/wp-json\/wp\/v2\/media\/10828"}],"wp:attachment":[{"href":"https:\/\/sinprofaz.org.br\/2024\/wp-json\/wp\/v2\/media?parent=10827"}],"wp:term":[{"taxonomy":"category","embeddable":true,"href":"https:\/\/sinprofaz.org.br\/2024\/wp-json\/wp\/v2\/categories?post=10827"},{"taxonomy":"post_tag","embeddable":true,"href":"https:\/\/sinprofaz.org.br\/2024\/wp-json\/wp\/v2\/tags?post=10827"}],"curies":[{"name":"wp","href":"https:\/\/api.w.org\/{rel}","templated":true}]}}