{"id":1082,"date":"2012-11-22T11:51:24","date_gmt":"2012-11-22T11:51:24","guid":{"rendered":""},"modified":"-0001-11-30T00:00:00","modified_gmt":"-0001-11-30T03:00:00","slug":"identidade-funcional-direito-de-pfn-para-certificar-as-prerrogativas-do-cargo","status":"publish","type":"post","link":"https:\/\/sinprofaz.org.br\/2024\/noticias\/identidade-funcional-direito-de-pfn-para-certificar-as-prerrogativas-do-cargo\/","title":{"rendered":"Identidade funcional: direito de PFN para certificar as prerrogativas do cargo"},"content":{"rendered":"<p>Como o problema n\u00e3o foi resolvido na esfera administrativa e a despeito da reiterada cobran\u00e7a por parte da entidade sindical, o SINPROFAZ ingressou com a\u00e7\u00e3o ordin\u00e1ria com pedido de tutela antecipada para que a Uni\u00e3o forne\u00e7a as identidades funcionais aos Procuradores da Fazenda Nacional, notadamente os aprovados no concurso p\u00fablico de 2007.<\/p>\n<p>Na a\u00e7\u00e3o, o SINPROFAZ demonstra que as identidades funcionais t\u00eam o objetivo de identificar os Procuradores da Fazenda Nacional e certificar as prerrogativas do cargo. O documento \u00e9 imprescind\u00edvel para que a atua\u00e7\u00e3o dos Procuradores se d\u00ea de forma desembara\u00e7ada, tempestiva e adequada.<\/p>\n<p>A falta da identidade, refor\u00e7a o SINPROFAZ, contribui para que ocorram perturba\u00e7\u00f5es, estorvos e hesita\u00e7\u00f5es desnecess\u00e1rias na atua\u00e7\u00e3o funcional. Al\u00e9m disso, o Sindicato destaca que \u00e9 garantida aos membros da Advocacia-Geral da Uni\u00e3o a obten\u00e7\u00e3o de identifica\u00e7\u00e3o funcional espec\u00edfica, nos termos do que disp\u00f5e expressamente o art. 52 da Lei Complementar n\u00ba 73, de 10 de fevereiro de 1993, que instituiu a Lei Org\u00e2nica da Advocacia-Geral da Uni\u00e3o.<\/p>\n<p>Essa cobran\u00e7a tamb\u00e9m foi refor\u00e7ada pela Unafe, a qual ingressou com a\u00e7\u00e3o no mesmo sentido.<\/p>\n","protected":false},"excerpt":{"rendered":"<p>Em a\u00e7\u00e3o ordin\u00e1ria, Sindicato requer que documento seja fornecido aos PFNs aprovados no concurso de 2007.<\/p>\n","protected":false},"author":1,"featured_media":0,"comment_status":"closed","ping_status":"open","sticky":false,"template":"","format":"standard","meta":{"footnotes":""},"categories":[8],"tags":[],"featured_image_url":"https:\/\/dummyimage.com\/720x400","character_count":602,"formatted_date":"22\/11\/2012 - 11:51","contentNovo":"\r\n<p>Como o problema n\u00e3o foi resolvido na esfera administrativa e a despeito da reiterada cobran\u00e7a por parte da entidade sindical, o SINPROFAZ ingressou com a\u00e7\u00e3o ordin\u00e1ria com pedido de tutela antecipada para que a Uni\u00e3o forne\u00e7a as identidades funcionais aos Procuradores da Fazenda Nacional, notadamente os aprovados no concurso p\u00fablico de 2007.<\/p>\r\n<p>Na a\u00e7\u00e3o, o SINPROFAZ demonstra que as identidades funcionais t\u00eam o objetivo de identificar os Procuradores da Fazenda Nacional e certificar as prerrogativas do cargo. O documento \u00e9 imprescind\u00edvel para que a atua\u00e7\u00e3o dos Procuradores se d\u00ea de forma desembara\u00e7ada, tempestiva e adequada.<\/p>\r\n<p>A falta da identidade, refor\u00e7a o SINPROFAZ, contribui para que ocorram perturba\u00e7\u00f5es, estorvos e hesita\u00e7\u00f5es desnecess\u00e1rias na atua\u00e7\u00e3o funcional. Al\u00e9m disso, o Sindicato destaca que \u00e9 garantida aos membros da Advocacia-Geral da Uni\u00e3o a obten\u00e7\u00e3o de identifica\u00e7\u00e3o funcional espec\u00edfica, nos termos do que disp\u00f5e expressamente o art. 52 da Lei Complementar n\u00ba 73, de 10 de fevereiro de 1993, que instituiu a Lei Org\u00e2nica da Advocacia-Geral da Uni\u00e3o.<\/p>\r\n<p>Essa cobran\u00e7a tamb\u00e9m foi refor\u00e7ada pela Unafe, a qual ingressou com a\u00e7\u00e3o no mesmo sentido.<\/p>","_links":{"self":[{"href":"https:\/\/sinprofaz.org.br\/2024\/wp-json\/wp\/v2\/posts\/1082"}],"collection":[{"href":"https:\/\/sinprofaz.org.br\/2024\/wp-json\/wp\/v2\/posts"}],"about":[{"href":"https:\/\/sinprofaz.org.br\/2024\/wp-json\/wp\/v2\/types\/post"}],"author":[{"embeddable":true,"href":"https:\/\/sinprofaz.org.br\/2024\/wp-json\/wp\/v2\/users\/1"}],"replies":[{"embeddable":true,"href":"https:\/\/sinprofaz.org.br\/2024\/wp-json\/wp\/v2\/comments?post=1082"}],"version-history":[{"count":0,"href":"https:\/\/sinprofaz.org.br\/2024\/wp-json\/wp\/v2\/posts\/1082\/revisions"}],"wp:attachment":[{"href":"https:\/\/sinprofaz.org.br\/2024\/wp-json\/wp\/v2\/media?parent=1082"}],"wp:term":[{"taxonomy":"category","embeddable":true,"href":"https:\/\/sinprofaz.org.br\/2024\/wp-json\/wp\/v2\/categories?post=1082"},{"taxonomy":"post_tag","embeddable":true,"href":"https:\/\/sinprofaz.org.br\/2024\/wp-json\/wp\/v2\/tags?post=1082"}],"curies":[{"name":"wp","href":"https:\/\/api.w.org\/{rel}","templated":true}]}}