{"id":1074,"date":"2012-11-08T16:08:07","date_gmt":"2012-11-08T16:08:07","guid":{"rendered":""},"modified":"-0001-11-30T00:00:00","modified_gmt":"-0001-11-30T03:00:00","slug":"pfn-tem-desconto-no-simposio-nacional-de-direito-tributario","status":"publish","type":"post","link":"https:\/\/sinprofaz.org.br\/2024\/noticias\/pfn-tem-desconto-no-simposio-nacional-de-direito-tributario\/","title":{"rendered":"PFN tem desconto no Simp\u00f3sio Nacional de Direito Tribut\u00e1rio"},"content":{"rendered":"<p>Em 2012, o Simp\u00f3sio Nacional de Direito Tribut\u00e1rio ter\u00e1 como tema: Quest\u00f5es controvertidas sobre o Conselho Administrativo de Recursos Fiscais (CARF). Pela import\u00e2ncia do CARF no cen\u00e1rio nacional, a Comiss\u00e3o de Reda\u00e7\u00e3o do Simp\u00f3sio consultou o Minist\u00e9rio da Fazenda sobre os principais temas ainda sem pacifica\u00e7\u00e3o exeg\u00e9tica na Casa e formulou quest\u00f5es sobre os mesmos.<\/p>\n<p>Segundo informa\u00e7\u00f5es da organiza\u00e7\u00e3o do Simp\u00f3sio, os participantes receber\u00e3o o livro Pesquisas Tribut\u00e1rias, editado pela Revista dos Tribunais (RT) &#8211; Thomson Reuters, que cont\u00e9m as perguntas e respostas a serem estudadas e debatidas no evento. Por ocasi\u00e3o destes eventos, desde 1976 foram elaboradas 678 pesquisas de 246 autores, que somam mais de 25 mil p\u00e1ginas, e publicadas 36 obras em mat\u00e9ria tribut\u00e1ria, que se tornaram refer\u00eancia jur\u00eddica obrigat\u00f3ria ao discutir temas n\u00e3o pacificados nem na doutrina nem na jurisprud\u00eancia nacional, citadas em decis\u00f5es do STF, STJ e em Tribunais de outras inst\u00e2ncias.<\/p>\n<p>O Simp\u00f3sio, que acontecer\u00e1 no pr\u00f3ximo dia 23 de novembro, ter\u00e1 como conferencista inaugural o ministro Jos\u00e9 Carlos Moreira Alves.<\/p>\n<h3>Benef\u00edcios<\/h3>\n<p>O CEU-IICS Escola de Direito oferece aos filiados do SINPROFAZ 20% de desconto no valor da inscri\u00e7\u00e3o. Para grupos acima de cinco participantes, o desconto pode ser maior.<\/p>\n<p>O Cejuris\/SINPROFAZ aproveita a oportunidade para divulgar outro benef\u00edcio que o CEU-IICS est\u00e1 oferecendo a PFNs filiados: 10% de desconto nas mensalidades para qualquer um dos cursos do Programa de P\u00f3s-Gradua\u00e7\u00e3o em Direito 2013 nas \u00e1reas de Contratos, Tribut\u00e1rio, Imobili\u00e1rio e Mercado de Capitais, com aulas a partir de mar\u00e7o do pr\u00f3ximo ano.<\/p>\n","protected":false},"excerpt":{"rendered":"<p>Evento ser\u00e1 promovido pelo CEU-IICS Escola de Direito sob a coordena\u00e7\u00e3o do jurista Ives Gandra. Filiados do SINPROFAZ tem 20% de desconto no valor da inscri\u00e7\u00e3o.<\/p>\n","protected":false},"author":1,"featured_media":0,"comment_status":"closed","ping_status":"open","sticky":false,"template":"","format":"standard","meta":{"footnotes":""},"categories":[8],"tags":[],"featured_image_url":"https:\/\/dummyimage.com\/720x400","character_count":844,"formatted_date":"08\/11\/2012 - 16:08","contentNovo":"\r\n<p>Em 2012, o Simp\u00f3sio Nacional de Direito Tribut\u00e1rio ter\u00e1 como tema: Quest\u00f5es controvertidas sobre o Conselho Administrativo de Recursos Fiscais (CARF). Pela import\u00e2ncia do CARF no cen\u00e1rio nacional, a Comiss\u00e3o de Reda\u00e7\u00e3o do Simp\u00f3sio consultou o Minist\u00e9rio da Fazenda sobre os principais temas ainda sem pacifica\u00e7\u00e3o exeg\u00e9tica na Casa e formulou quest\u00f5es sobre os mesmos.<\/p>\r\n<p>Segundo informa\u00e7\u00f5es da organiza\u00e7\u00e3o do Simp\u00f3sio, os participantes receber\u00e3o o livro Pesquisas Tribut\u00e1rias, editado pela Revista dos Tribunais (RT) - Thomson Reuters, que cont\u00e9m as perguntas e respostas a serem estudadas e debatidas no evento. Por ocasi\u00e3o destes eventos, desde 1976 foram elaboradas 678 pesquisas de 246 autores, que somam mais de 25 mil p\u00e1ginas, e publicadas 36 obras em mat\u00e9ria tribut\u00e1ria, que se tornaram refer\u00eancia jur\u00eddica obrigat\u00f3ria ao discutir temas n\u00e3o pacificados nem na doutrina nem na jurisprud\u00eancia nacional, citadas em decis\u00f5es do STF, STJ e em Tribunais de outras inst\u00e2ncias.<\/p>\r\n<p>O Simp\u00f3sio, que acontecer\u00e1 no pr\u00f3ximo dia 23 de novembro, ter\u00e1 como conferencista inaugural o ministro Jos\u00e9 Carlos Moreira Alves.<\/p>\r\nBenef\u00edcios\r\n<p>O CEU-IICS Escola de Direito oferece aos filiados do SINPROFAZ 20% de desconto no valor da inscri\u00e7\u00e3o. Para grupos acima de cinco participantes, o desconto pode ser maior.<\/p>\r\n<p>O Cejuris\/SINPROFAZ aproveita a oportunidade para divulgar outro benef\u00edcio que o CEU-IICS est\u00e1 oferecendo a PFNs filiados: 10% de desconto nas mensalidades para qualquer um dos cursos do Programa de P\u00f3s-Gradua\u00e7\u00e3o em Direito 2013 nas \u00e1reas de Contratos, Tribut\u00e1rio, Imobili\u00e1rio e Mercado de Capitais, com aulas a partir de mar\u00e7o do pr\u00f3ximo ano.<\/p>","_links":{"self":[{"href":"https:\/\/sinprofaz.org.br\/2024\/wp-json\/wp\/v2\/posts\/1074"}],"collection":[{"href":"https:\/\/sinprofaz.org.br\/2024\/wp-json\/wp\/v2\/posts"}],"about":[{"href":"https:\/\/sinprofaz.org.br\/2024\/wp-json\/wp\/v2\/types\/post"}],"author":[{"embeddable":true,"href":"https:\/\/sinprofaz.org.br\/2024\/wp-json\/wp\/v2\/users\/1"}],"replies":[{"embeddable":true,"href":"https:\/\/sinprofaz.org.br\/2024\/wp-json\/wp\/v2\/comments?post=1074"}],"version-history":[{"count":0,"href":"https:\/\/sinprofaz.org.br\/2024\/wp-json\/wp\/v2\/posts\/1074\/revisions"}],"wp:attachment":[{"href":"https:\/\/sinprofaz.org.br\/2024\/wp-json\/wp\/v2\/media?parent=1074"}],"wp:term":[{"taxonomy":"category","embeddable":true,"href":"https:\/\/sinprofaz.org.br\/2024\/wp-json\/wp\/v2\/categories?post=1074"},{"taxonomy":"post_tag","embeddable":true,"href":"https:\/\/sinprofaz.org.br\/2024\/wp-json\/wp\/v2\/tags?post=1074"}],"curies":[{"name":"wp","href":"https:\/\/api.w.org\/{rel}","templated":true}]}}