{"id":10727,"date":"2019-11-14T09:11:32","date_gmt":"2019-11-14T12:11:32","guid":{"rendered":"http:\/\/www.sinprofaz.org.br\/?p=10727"},"modified":"2019-11-14T15:57:53","modified_gmt":"2019-11-14T18:57:53","slug":"sinprofaz-comparece-a-tarde-de-autografos-da-obra-do-senador-paulo-paim","status":"publish","type":"post","link":"https:\/\/sinprofaz.org.br\/2024\/noticias\/sinprofaz-comparece-a-tarde-de-autografos-da-obra-do-senador-paulo-paim\/","title":{"rendered":"SINPROFAZ COMPARECE \u00c0 TARDE DE AUT\u00d3GRAFOS DA OBRA DO SENADOR PAULO PAIM"},"content":{"rendered":"<p>O SINPROFAZ, representado pelo presidente Ernane\u00a0Brito, compareceu \u00e0 tarde de aut\u00f3grafos do mais novo livro do senador Paulo Paim (PT\/RS), intitulado &#8220;Tempos de\u00a0Distopia&#8221;. O evento foi realizado no Espa\u00e7o Cultural Ivandro Cunha Lima, do Senado Federal.\u00a0O livro \u00e9 gratuito e pode ser solicitado pelo telefone\u00a0(61) 3303-5232.<\/p>\n<p>A obra trata do atual momento pol\u00edtico, econ\u00f4mico e social do Brasil, marcado, segundo Paim, pela polariza\u00e7\u00e3o\u00a0e\u00a0pelo descompromisso com o desenvolvimento e o crescimento do pa\u00eds. &#8220;Este livro foi escrito com tristeza e indigna\u00e7\u00e3o. \u00c9 muito mais que um desabafo. \u00c9 a constata\u00e7\u00e3o de uma realidade de desalento da popula\u00e7\u00e3o, de ataques \u00e0 Democracia e \u00e0 Constitui\u00e7\u00e3o Cidad\u00e3\u201d, afirma o senador.<\/p>\n","protected":false},"excerpt":{"rendered":"<p>O SINPROFAZ, representado pelo presidente Ernane Brito, compareceu \u00e0 tarde de aut\u00f3grafos do mais novo livro do senador Paulo Paim (PT\/RS), intitulado &#8220;Tempos de Distopia&#8221;. O evento foi realizado no Espa\u00e7o Cultural Ivandro Cunha Lima, do Senado.<\/p>\n","protected":false},"author":2,"featured_media":10728,"comment_status":"open","ping_status":"open","sticky":false,"template":"","format":"standard","meta":{"footnotes":""},"categories":[8],"tags":[53,25],"featured_image_url":"https:\/\/sinprofaz.org.br\/2024\/wp-content\/uploads\/2019\/11\/01-1.png","character_count":380,"formatted_date":"14\/11\/2019 - 09:11","contentNovo":"O SINPROFAZ, representado pelo presidente Ernane\u00a0Brito, compareceu \u00e0 tarde de aut\u00f3grafos do mais novo livro do senador Paulo Paim (PT\/RS), intitulado \"Tempos de\u00a0Distopia\". O evento foi realizado no Espa\u00e7o Cultural Ivandro Cunha Lima, do Senado Federal.\u00a0O livro \u00e9 gratuito e pode ser solicitado pelo telefone\u00a0(61) 3303-5232.\r\n\r\nA obra trata do atual momento pol\u00edtico, econ\u00f4mico e social do Brasil, marcado, segundo Paim, pela polariza\u00e7\u00e3o\u00a0e\u00a0pelo descompromisso com o desenvolvimento e o crescimento do pa\u00eds. \"Este livro foi escrito com tristeza e indigna\u00e7\u00e3o. \u00c9 muito mais que um desabafo. \u00c9 a constata\u00e7\u00e3o de uma realidade de desalento da popula\u00e7\u00e3o, de ataques \u00e0 Democracia e \u00e0 Constitui\u00e7\u00e3o Cidad\u00e3\u201d, afirma o senador.","_links":{"self":[{"href":"https:\/\/sinprofaz.org.br\/2024\/wp-json\/wp\/v2\/posts\/10727"}],"collection":[{"href":"https:\/\/sinprofaz.org.br\/2024\/wp-json\/wp\/v2\/posts"}],"about":[{"href":"https:\/\/sinprofaz.org.br\/2024\/wp-json\/wp\/v2\/types\/post"}],"author":[{"embeddable":true,"href":"https:\/\/sinprofaz.org.br\/2024\/wp-json\/wp\/v2\/users\/2"}],"replies":[{"embeddable":true,"href":"https:\/\/sinprofaz.org.br\/2024\/wp-json\/wp\/v2\/comments?post=10727"}],"version-history":[{"count":3,"href":"https:\/\/sinprofaz.org.br\/2024\/wp-json\/wp\/v2\/posts\/10727\/revisions"}],"predecessor-version":[{"id":10738,"href":"https:\/\/sinprofaz.org.br\/2024\/wp-json\/wp\/v2\/posts\/10727\/revisions\/10738"}],"wp:featuredmedia":[{"embeddable":true,"href":"https:\/\/sinprofaz.org.br\/2024\/wp-json\/wp\/v2\/media\/10728"}],"wp:attachment":[{"href":"https:\/\/sinprofaz.org.br\/2024\/wp-json\/wp\/v2\/media?parent=10727"}],"wp:term":[{"taxonomy":"category","embeddable":true,"href":"https:\/\/sinprofaz.org.br\/2024\/wp-json\/wp\/v2\/categories?post=10727"},{"taxonomy":"post_tag","embeddable":true,"href":"https:\/\/sinprofaz.org.br\/2024\/wp-json\/wp\/v2\/tags?post=10727"}],"curies":[{"name":"wp","href":"https:\/\/api.w.org\/{rel}","templated":true}]}}