{"id":10716,"date":"2019-11-12T11:28:10","date_gmt":"2019-11-12T14:28:10","guid":{"rendered":"http:\/\/www.sinprofaz.org.br\/?p=10716"},"modified":"2019-11-13T09:50:44","modified_gmt":"2019-11-13T12:50:44","slug":"para-delegado-sindical-pecs-da-reforma-tributaria-visam-apenas-a-simplificacao","status":"publish","type":"post","link":"https:\/\/sinprofaz.org.br\/2024\/noticias\/para-delegado-sindical-pecs-da-reforma-tributaria-visam-apenas-a-simplificacao\/","title":{"rendered":"PARA DELEGADO SINDICAL, PROPOSTAS DE REFORMA TRIBUT\u00c1RIA VISAM APENAS \u00c0 SIMPLIFICA\u00c7\u00c3O"},"content":{"rendered":"<p>Representantes do SINPROFAZ e da Carreira participaram na quinta-feira (7) de audi\u00eancia p\u00fablica no Senado Federal. Na oportunidade, o delegado sindical no Cear\u00e1 Andr\u00e9 Luiz Allem\u00e3o defendeu que as PECs que tramitam no Congresso Nacional e que visam \u00e0 Reforma Tribut\u00e1ria s\u00e3o, na pr\u00e1tica, apenas projetos de simplifica\u00e7\u00e3o do Sistema. As propostas, de acordo com o PFN, n\u00e3o tocam em pontos nevr\u00e1lgicos da quest\u00e3o fiscal do pa\u00eds.<\/p>\n<p>\u201cSegundo a Oxfam, o Brasil s\u00f3 perde em concentra\u00e7\u00e3o de renda para o Catar: 1% da popula\u00e7\u00e3o brasileira concentra cerca de 52% da renda nacional. Mas qualquer pessoa que leia essas propostas verificar\u00e1 que elas n\u00e3o enfrentam essa quest\u00e3o. O Sistema Tribut\u00e1rio, em qualquer pa\u00eds capitalista que se preze, tem uma fun\u00e7\u00e3o primordial: a redistribui\u00e7\u00e3o.&#8221;<\/p>\n<p>Assista a trecho da exposi\u00e7\u00e3o de Andr\u00e9 Luiz Allem\u00e3o no Senado:\u00a0<a href=\"https:\/\/youtu.be\/XEejUo5uy_U\">https:\/\/youtu.be\/XEejUo5uy_U<\/a><\/p>\n","protected":false},"excerpt":{"rendered":"<p>O SINPROFAZ participou de audi\u00eancia no Senado. Na oportunidade, Andr\u00e9 Luiz Allem\u00e3o defendeu que as PECs que tramitam no Congresso e que visam \u00e0 Reforma Tribut\u00e1ria s\u00e3o apenas projetos de simplifica\u00e7\u00e3o.<\/p>\n","protected":false},"author":2,"featured_media":10717,"comment_status":"open","ping_status":"open","sticky":false,"template":"","format":"standard","meta":{"footnotes":""},"categories":[8],"tags":[128,53,25],"featured_image_url":"https:\/\/sinprofaz.org.br\/2024\/wp-content\/uploads\/2019\/11\/01.png","character_count":454,"formatted_date":"12\/11\/2019 - 11:28","contentNovo":"Representantes do SINPROFAZ e da Carreira participaram na quinta-feira (7) de audi\u00eancia p\u00fablica no Senado Federal. Na oportunidade, o delegado sindical no Cear\u00e1 Andr\u00e9 Luiz Allem\u00e3o defendeu que as PECs que tramitam no Congresso Nacional e que visam \u00e0 Reforma Tribut\u00e1ria s\u00e3o, na pr\u00e1tica, apenas projetos de simplifica\u00e7\u00e3o do Sistema. As propostas, de acordo com o PFN, n\u00e3o tocam em pontos nevr\u00e1lgicos da quest\u00e3o fiscal do pa\u00eds.\r\n\r\n\u201cSegundo a Oxfam, o Brasil s\u00f3 perde em concentra\u00e7\u00e3o de renda para o Catar: 1% da popula\u00e7\u00e3o brasileira concentra cerca de 52% da renda nacional. Mas qualquer pessoa que leia essas propostas verificar\u00e1 que elas n\u00e3o enfrentam essa quest\u00e3o. O Sistema Tribut\u00e1rio, em qualquer pa\u00eds capitalista que se preze, tem uma fun\u00e7\u00e3o primordial: a redistribui\u00e7\u00e3o.\"\r\n\r\nAssista a trecho da exposi\u00e7\u00e3o de Andr\u00e9 Luiz Allem\u00e3o no Senado:\u00a0<a href=\"https:\/\/youtu.be\/XEejUo5uy_U\">https:\/\/youtu.be\/XEejUo5uy_U<\/a>","_links":{"self":[{"href":"https:\/\/sinprofaz.org.br\/2024\/wp-json\/wp\/v2\/posts\/10716"}],"collection":[{"href":"https:\/\/sinprofaz.org.br\/2024\/wp-json\/wp\/v2\/posts"}],"about":[{"href":"https:\/\/sinprofaz.org.br\/2024\/wp-json\/wp\/v2\/types\/post"}],"author":[{"embeddable":true,"href":"https:\/\/sinprofaz.org.br\/2024\/wp-json\/wp\/v2\/users\/2"}],"replies":[{"embeddable":true,"href":"https:\/\/sinprofaz.org.br\/2024\/wp-json\/wp\/v2\/comments?post=10716"}],"version-history":[{"count":4,"href":"https:\/\/sinprofaz.org.br\/2024\/wp-json\/wp\/v2\/posts\/10716\/revisions"}],"predecessor-version":[{"id":10726,"href":"https:\/\/sinprofaz.org.br\/2024\/wp-json\/wp\/v2\/posts\/10716\/revisions\/10726"}],"wp:featuredmedia":[{"embeddable":true,"href":"https:\/\/sinprofaz.org.br\/2024\/wp-json\/wp\/v2\/media\/10717"}],"wp:attachment":[{"href":"https:\/\/sinprofaz.org.br\/2024\/wp-json\/wp\/v2\/media?parent=10716"}],"wp:term":[{"taxonomy":"category","embeddable":true,"href":"https:\/\/sinprofaz.org.br\/2024\/wp-json\/wp\/v2\/categories?post=10716"},{"taxonomy":"post_tag","embeddable":true,"href":"https:\/\/sinprofaz.org.br\/2024\/wp-json\/wp\/v2\/tags?post=10716"}],"curies":[{"name":"wp","href":"https:\/\/api.w.org\/{rel}","templated":true}]}}