{"id":10709,"date":"2019-11-08T16:37:29","date_gmt":"2019-11-08T19:37:29","guid":{"rendered":"http:\/\/www.sinprofaz.org.br\/?p=10709"},"modified":"2019-11-11T10:14:35","modified_gmt":"2019-11-11T13:14:35","slug":"propostas-de-reforma-tributaria-ignoram-justica-social-explica-diretor","status":"publish","type":"post","link":"https:\/\/sinprofaz.org.br\/2024\/noticias\/propostas-de-reforma-tributaria-ignoram-justica-social-explica-diretor\/","title":{"rendered":"PROPOSTAS DE REFORMA TRIBUT\u00c1RIA IGNORAM JUSTI\u00c7A SOCIAL, EXPLICA DIRETOR"},"content":{"rendered":"<p>Procuradores da Fazenda Nacional participaram em peso de audi\u00eancia p\u00fablica do Senado Federal realizada na quinta-feira (7). Na ocasi\u00e3o, o diretor do SINPROFAZ Giuliano Menezes Campos avaliou as propostas de emenda \u00e0 Constitui\u00e7\u00e3o que tramitam no Congresso Nacional e que visam \u00e0 Reforma Tribut\u00e1ria.<\/p>\n<p>\u201cAs PECs, que est\u00e3o muito preocupadas em simplificar e em transferir bilh\u00f5es para estados e munic\u00edpios, passam distante da quest\u00e3o da justi\u00e7a social. \u00c9 muito ambicioso, portanto, falar em reforma tribut\u00e1ria, visto que as propostas tocam apenas na quest\u00e3o dos impostos reais, sem fazer refer\u00eancia alguma aos impostos pessoais.&#8221;<\/p>\n<p>Confira no v\u00eddeo:\u00a0<a href=\"https:\/\/youtu.be\/D0Hvkfiy2Ms\" target=\"_blank\" rel=\"noopener\">https:\/\/youtu.be\/D0Hvkfiy2Ms<\/a><\/p>\n","protected":false},"excerpt":{"rendered":"<p>Procuradores da Fazenda Nacional participaram em peso de audi\u00eancia p\u00fablica realizada ontem (7) no Senado. Na ocasi\u00e3o, o diretor do SINPROFAZ Giuliano Menezes avaliou as PECs que tramitam no Congresso e que visam \u00e0 Reforma Tribut\u00e1ria.<\/p>\n","protected":false},"author":2,"featured_media":10710,"comment_status":"open","ping_status":"open","sticky":false,"template":"","format":"standard","meta":{"footnotes":""},"categories":[8],"tags":[128,53,25],"featured_image_url":"https:\/\/sinprofaz.org.br\/2024\/wp-content\/uploads\/2019\/11\/Design-sem-nome-1.png","character_count":350,"formatted_date":"08\/11\/2019 - 16:37","contentNovo":"Procuradores da Fazenda Nacional participaram em peso de audi\u00eancia p\u00fablica do Senado Federal realizada na quinta-feira (7). Na ocasi\u00e3o, o diretor do SINPROFAZ Giuliano Menezes Campos avaliou as propostas de emenda \u00e0 Constitui\u00e7\u00e3o que tramitam no Congresso Nacional e que visam \u00e0 Reforma Tribut\u00e1ria.\r\n\r\n\u201cAs PECs, que est\u00e3o muito preocupadas em simplificar e em transferir bilh\u00f5es para estados e munic\u00edpios, passam distante da quest\u00e3o da justi\u00e7a social. \u00c9 muito ambicioso, portanto, falar em reforma tribut\u00e1ria, visto que as propostas tocam apenas na quest\u00e3o dos impostos reais, sem fazer refer\u00eancia alguma aos impostos pessoais.\"\r\n\r\nConfira no v\u00eddeo:\u00a0<a href=\"https:\/\/youtu.be\/D0Hvkfiy2Ms\" target=\"_blank\" rel=\"noopener\">https:\/\/youtu.be\/D0Hvkfiy2Ms<\/a>","_links":{"self":[{"href":"https:\/\/sinprofaz.org.br\/2024\/wp-json\/wp\/v2\/posts\/10709"}],"collection":[{"href":"https:\/\/sinprofaz.org.br\/2024\/wp-json\/wp\/v2\/posts"}],"about":[{"href":"https:\/\/sinprofaz.org.br\/2024\/wp-json\/wp\/v2\/types\/post"}],"author":[{"embeddable":true,"href":"https:\/\/sinprofaz.org.br\/2024\/wp-json\/wp\/v2\/users\/2"}],"replies":[{"embeddable":true,"href":"https:\/\/sinprofaz.org.br\/2024\/wp-json\/wp\/v2\/comments?post=10709"}],"version-history":[{"count":2,"href":"https:\/\/sinprofaz.org.br\/2024\/wp-json\/wp\/v2\/posts\/10709\/revisions"}],"predecessor-version":[{"id":10715,"href":"https:\/\/sinprofaz.org.br\/2024\/wp-json\/wp\/v2\/posts\/10709\/revisions\/10715"}],"wp:featuredmedia":[{"embeddable":true,"href":"https:\/\/sinprofaz.org.br\/2024\/wp-json\/wp\/v2\/media\/10710"}],"wp:attachment":[{"href":"https:\/\/sinprofaz.org.br\/2024\/wp-json\/wp\/v2\/media?parent=10709"}],"wp:term":[{"taxonomy":"category","embeddable":true,"href":"https:\/\/sinprofaz.org.br\/2024\/wp-json\/wp\/v2\/categories?post=10709"},{"taxonomy":"post_tag","embeddable":true,"href":"https:\/\/sinprofaz.org.br\/2024\/wp-json\/wp\/v2\/tags?post=10709"}],"curies":[{"name":"wp","href":"https:\/\/api.w.org\/{rel}","templated":true}]}}