{"id":10683,"date":"2019-11-07T08:54:33","date_gmt":"2019-11-07T11:54:33","guid":{"rendered":"http:\/\/www.sinprofaz.org.br\/?p=10683"},"modified":"2019-11-08T11:30:04","modified_gmt":"2019-11-08T14:30:04","slug":"sinprofaz-participara-em-peso-de-audiencia-publica-no-senado-assista","status":"publish","type":"post","link":"https:\/\/sinprofaz.org.br\/2024\/noticias\/sinprofaz-participara-em-peso-de-audiencia-publica-no-senado-assista\/","title":{"rendered":"SINPROFAZ PARTICIPAR\u00c1 EM PESO DE AUDI\u00caNCIA P\u00daBLICA NO SENADO. ASSISTA!"},"content":{"rendered":"<p>A Comiss\u00e3o de Direitos Humanos e Legisla\u00e7\u00e3o Participativa\u00a0(CDH) do Senado Federal, juntamente com o SINPROFAZ, promove hoje (7), a partir das 14h, audi\u00eancia p\u00fablica para debater a Reforma Tribut\u00e1ria. Entre os participantes da reuni\u00e3o estar\u00e3o o diretor Giuliano Menezes, o ex-presidente Her\u00e1clio Camargo, o delegado sindical no Cear\u00e1 Andr\u00e9 Luiz Allem\u00e3o e o procurador da Fazenda Nacional filiado Leonardo Alvim.<\/p>\n<p>A reuni\u00e3o foi solicitada pelo presidente da Comiss\u00e3o, senador Paulo Paim (PT-RS), e poder\u00e1 ser acompanhada por meio da TV Senado ou do portal\u00a0<a href=\"https:\/\/www12.senado.leg.br\/hpsenado\">www.senado.leg.br<\/a>. A audi\u00eancia ser\u00e1 interativa: os interessados em enviar mensagens e questionamentos aos debatedores poder\u00e3o faz\u00ea-lo atrav\u00e9s do link\u00a0<a href=\"https:\/\/www12.senado.leg.br\/ecidadania\/visualizacaoaudiencia?id=17350\">bit.ly\/2NMSB63<\/a>.<\/p>\n","protected":false},"excerpt":{"rendered":"<p>A Comiss\u00e3o de Direitos Humanos do Senado Federal, juntamente com o SINPROFAZ, promove hoje (7), a partir das 14h, audi\u00eancia p\u00fablica sobre a Reforma Tribut\u00e1ria. A reuni\u00e3o poder\u00e1 ser acompanhada por meio da TV Senado ou do portal www.senado.leg.br.<\/p>\n","protected":false},"author":2,"featured_media":10708,"comment_status":"open","ping_status":"open","sticky":false,"template":"","format":"standard","meta":{"footnotes":""},"categories":[8],"tags":[128,53,25],"featured_image_url":"https:\/\/sinprofaz.org.br\/2024\/wp-content\/uploads\/2019\/11\/021454s.png","character_count":371,"formatted_date":"07\/11\/2019 - 08:54","contentNovo":"A Comiss\u00e3o de Direitos Humanos e Legisla\u00e7\u00e3o Participativa\u00a0(CDH) do Senado Federal, juntamente com o SINPROFAZ, promove hoje (7), a partir das 14h, audi\u00eancia p\u00fablica para debater a Reforma Tribut\u00e1ria. Entre os participantes da reuni\u00e3o estar\u00e3o o diretor Giuliano Menezes, o ex-presidente Her\u00e1clio Camargo, o delegado sindical no Cear\u00e1 Andr\u00e9 Luiz Allem\u00e3o e o procurador da Fazenda Nacional filiado Leonardo Alvim.\r\n\r\nA reuni\u00e3o foi solicitada pelo presidente da Comiss\u00e3o, senador Paulo Paim (PT-RS), e poder\u00e1 ser acompanhada por meio da TV Senado ou do portal\u00a0<a href=\"https:\/\/www12.senado.leg.br\/hpsenado\">www.senado.leg.br<\/a>. A audi\u00eancia ser\u00e1 interativa: os interessados em enviar mensagens e questionamentos aos debatedores poder\u00e3o faz\u00ea-lo atrav\u00e9s do link\u00a0<a href=\"https:\/\/www12.senado.leg.br\/ecidadania\/visualizacaoaudiencia?id=17350\">bit.ly\/2NMSB63<\/a>.","_links":{"self":[{"href":"https:\/\/sinprofaz.org.br\/2024\/wp-json\/wp\/v2\/posts\/10683"}],"collection":[{"href":"https:\/\/sinprofaz.org.br\/2024\/wp-json\/wp\/v2\/posts"}],"about":[{"href":"https:\/\/sinprofaz.org.br\/2024\/wp-json\/wp\/v2\/types\/post"}],"author":[{"embeddable":true,"href":"https:\/\/sinprofaz.org.br\/2024\/wp-json\/wp\/v2\/users\/2"}],"replies":[{"embeddable":true,"href":"https:\/\/sinprofaz.org.br\/2024\/wp-json\/wp\/v2\/comments?post=10683"}],"version-history":[{"count":1,"href":"https:\/\/sinprofaz.org.br\/2024\/wp-json\/wp\/v2\/posts\/10683\/revisions"}],"predecessor-version":[{"id":10685,"href":"https:\/\/sinprofaz.org.br\/2024\/wp-json\/wp\/v2\/posts\/10683\/revisions\/10685"}],"wp:featuredmedia":[{"embeddable":true,"href":"https:\/\/sinprofaz.org.br\/2024\/wp-json\/wp\/v2\/media\/10708"}],"wp:attachment":[{"href":"https:\/\/sinprofaz.org.br\/2024\/wp-json\/wp\/v2\/media?parent=10683"}],"wp:term":[{"taxonomy":"category","embeddable":true,"href":"https:\/\/sinprofaz.org.br\/2024\/wp-json\/wp\/v2\/categories?post=10683"},{"taxonomy":"post_tag","embeddable":true,"href":"https:\/\/sinprofaz.org.br\/2024\/wp-json\/wp\/v2\/tags?post=10683"}],"curies":[{"name":"wp","href":"https:\/\/api.w.org\/{rel}","templated":true}]}}