{"id":10678,"date":"2019-11-06T15:27:47","date_gmt":"2019-11-06T18:27:47","guid":{"rendered":"http:\/\/www.sinprofaz.org.br\/?p=10678"},"modified":"2019-11-07T09:19:31","modified_gmt":"2019-11-07T12:19:31","slug":"diretoria-se-compromete-a-atuar-por-uma-reforma-tributaria-mais-justa","status":"publish","type":"post","link":"https:\/\/sinprofaz.org.br\/2024\/noticias\/diretoria-se-compromete-a-atuar-por-uma-reforma-tributaria-mais-justa\/","title":{"rendered":"DIRETORIA SE COMPROMETE A ATUAR POR UMA REFORMA TRIBUT\u00c1RIA MAIS JUSTA"},"content":{"rendered":"<p>Depois da luta contra as principais injusti\u00e7as da reforma previdenci\u00e1ria, o SINPROFAZ lidera o trabalho por uma reforma tribut\u00e1ria justa e eficiente. Por meio da Campanha Nacional da Justi\u00e7a Fiscal &#8211; Quanto Custa o Brasil pra Voc\u00ea?, o Sindicato prop\u00f5e a discuss\u00e3o, com os mais diversos setores da sociedade, sobre alternativas para o combate \u00e0 sonega\u00e7\u00e3o e para o equil\u00edbrio fiscal do pa\u00eds. \u00c9 o que afirma o diretor Achilles Frias:<\/p>\n<p>&#8220;A Diretoria do SINPROFAZ reitera seu compromisso com a Carreira no que pertine, em particular, ao acompanhamento dos andamentos da reforma tribut\u00e1ria. O SINPROFAZ vem atuando diariamente em todas as esferas do Congresso Nacional e politicamente no meio acad\u00eamico para defender os interesses da Carreira e buscar uma reforma amenizada do ponto de vista da justi\u00e7a fiscal e social.&#8221;<\/p>\n<p>Assista \u00e0 \u00edntegra do v\u00eddeo:\u00a0<a href=\"https:\/\/youtu.be\/vMeYFDKxpVI\">https:\/\/youtu.be\/vMeYFDKxpVI<\/a><\/p>\n","protected":false},"excerpt":{"rendered":"<p>Por meio da Campanha Nacional da Justi\u00e7a Fiscal &#8211; Quanto Custa o Brasil pra Voc\u00ea?, o Sindicato prop\u00f5e a discuss\u00e3o, com os mais diversos setores da sociedade, sobre alternativas para o combate \u00e0 sonega\u00e7\u00e3o e para o equil\u00edbrio fiscal do pa\u00eds. Confira no v\u00eddeo do diretor Achilles Frias.<\/p>\n","protected":false},"author":2,"featured_media":10680,"comment_status":"open","ping_status":"open","sticky":false,"template":"","format":"standard","meta":{"footnotes":""},"categories":[8],"tags":[32,128,25],"featured_image_url":"https:\/\/sinprofaz.org.br\/2024\/wp-content\/uploads\/2019\/11\/Design-sem-nome.png","character_count":454,"formatted_date":"06\/11\/2019 - 15:27","contentNovo":"Depois da luta contra as principais injusti\u00e7as da reforma previdenci\u00e1ria, o SINPROFAZ lidera o trabalho por uma reforma tribut\u00e1ria justa e eficiente. Por meio da Campanha Nacional da Justi\u00e7a Fiscal - Quanto Custa o Brasil pra Voc\u00ea?, o Sindicato prop\u00f5e a discuss\u00e3o, com os mais diversos setores da sociedade, sobre alternativas para o combate \u00e0 sonega\u00e7\u00e3o e para o equil\u00edbrio fiscal do pa\u00eds. \u00c9 o que afirma o diretor Achilles Frias:\r\n\r\n\"A Diretoria do SINPROFAZ reitera seu compromisso com a Carreira no que pertine, em particular, ao acompanhamento dos andamentos da reforma tribut\u00e1ria. O SINPROFAZ vem atuando diariamente em todas as esferas do Congresso Nacional e politicamente no meio acad\u00eamico para defender os interesses da Carreira e buscar uma reforma amenizada do ponto de vista da justi\u00e7a fiscal e social.\"\r\n\r\nAssista \u00e0 \u00edntegra do v\u00eddeo:\u00a0<a href=\"https:\/\/youtu.be\/vMeYFDKxpVI\">https:\/\/youtu.be\/vMeYFDKxpVI<\/a>","_links":{"self":[{"href":"https:\/\/sinprofaz.org.br\/2024\/wp-json\/wp\/v2\/posts\/10678"}],"collection":[{"href":"https:\/\/sinprofaz.org.br\/2024\/wp-json\/wp\/v2\/posts"}],"about":[{"href":"https:\/\/sinprofaz.org.br\/2024\/wp-json\/wp\/v2\/types\/post"}],"author":[{"embeddable":true,"href":"https:\/\/sinprofaz.org.br\/2024\/wp-json\/wp\/v2\/users\/2"}],"replies":[{"embeddable":true,"href":"https:\/\/sinprofaz.org.br\/2024\/wp-json\/wp\/v2\/comments?post=10678"}],"version-history":[{"count":3,"href":"https:\/\/sinprofaz.org.br\/2024\/wp-json\/wp\/v2\/posts\/10678\/revisions"}],"predecessor-version":[{"id":10686,"href":"https:\/\/sinprofaz.org.br\/2024\/wp-json\/wp\/v2\/posts\/10678\/revisions\/10686"}],"wp:featuredmedia":[{"embeddable":true,"href":"https:\/\/sinprofaz.org.br\/2024\/wp-json\/wp\/v2\/media\/10680"}],"wp:attachment":[{"href":"https:\/\/sinprofaz.org.br\/2024\/wp-json\/wp\/v2\/media?parent=10678"}],"wp:term":[{"taxonomy":"category","embeddable":true,"href":"https:\/\/sinprofaz.org.br\/2024\/wp-json\/wp\/v2\/categories?post=10678"},{"taxonomy":"post_tag","embeddable":true,"href":"https:\/\/sinprofaz.org.br\/2024\/wp-json\/wp\/v2\/tags?post=10678"}],"curies":[{"name":"wp","href":"https:\/\/api.w.org\/{rel}","templated":true}]}}