{"id":10663,"date":"2019-11-04T09:16:15","date_gmt":"2019-11-04T12:16:15","guid":{"rendered":"http:\/\/www.sinprofaz.org.br\/?p=10663"},"modified":"2019-11-05T16:25:16","modified_gmt":"2019-11-05T19:25:16","slug":"defesa-de-prerrogativas-e-novas-conquistas-direcionarao-o-mandato-afirma-diretor","status":"publish","type":"post","link":"https:\/\/sinprofaz.org.br\/2024\/noticias\/defesa-de-prerrogativas-e-novas-conquistas-direcionarao-o-mandato-afirma-diretor\/","title":{"rendered":"DEFESA DE PRERROGATIVAS E NOVAS CONQUISTAS DIRECIONAR\u00c3O O MANDATO, AFIRMA DIRETOR"},"content":{"rendered":"<p>Caio Graco iniciou em julho de 2019 seu segundo mandato como diretor de Rela\u00e7\u00f5es Intersindicais do SINPROFAZ. Em entrevista concedida na data da Cerim\u00f4nia de Posse, o PFN falou sobre a estrutura de relacionamentos j\u00e1 conquistada e que ser\u00e1 aprimorada neste bi\u00eanio da nova gest\u00e3o. Segundo o diretor, o mandato come\u00e7a com uma nova dire\u00e7\u00e3o. <\/p>\n<p>&#8220;Certamente, n\u00e3o sossegaremos um s\u00f3 minuto enquanto houver ataques \u00e0s conquistas do passado e metas a serem atingidas em prol da Carreira, seja no aspecto estruturante e remunerat\u00f3rio, seja quanto \u00e0 quest\u00e3o das prerrogativas inerentes \u00e0 fun\u00e7\u00e3o de advogado p\u00fablico.&#8221;<\/p>\n<p>Acesse a entrevista completa: <a href=\"https:\/\/youtube.com\/watch?v=SO9FZupVPc8\">youtube.com\/watch?v=SO9FZupVPc8<\/a><\/p>\n","protected":false},"excerpt":{"rendered":"<p>Caio Graco iniciou em julho de 2019 seu segundo mandato como diretor de Rela\u00e7\u00f5es Intersindicais do SINPROFAZ. Em entrevista, o PFN falou sobre a estrutura de relacionamentos j\u00e1 conquistada e que ser\u00e1 aprimorada neste bi\u00eanio.<\/p>\n","protected":false},"author":2,"featured_media":10664,"comment_status":"open","ping_status":"open","sticky":false,"template":"","format":"standard","meta":{"footnotes":""},"categories":[8],"tags":[32,27,25],"featured_image_url":"https:\/\/sinprofaz.org.br\/2024\/wp-content\/uploads\/2019\/11\/01-1.jpg","character_count":350,"formatted_date":"04\/11\/2019 - 09:16","contentNovo":"Caio Graco iniciou em julho de 2019 seu segundo mandato como diretor de Rela\u00e7\u00f5es Intersindicais do SINPROFAZ. Em entrevista concedida na data da Cerim\u00f4nia de Posse, o PFN falou sobre a estrutura de relacionamentos j\u00e1 conquistada e que ser\u00e1 aprimorada neste bi\u00eanio da nova gest\u00e3o. Segundo o diretor, o mandato come\u00e7a com uma nova dire\u00e7\u00e3o. \r\n\r\n\"Certamente, n\u00e3o sossegaremos um s\u00f3 minuto enquanto houver ataques \u00e0s conquistas do passado e metas a serem atingidas em prol da Carreira, seja no aspecto estruturante e remunerat\u00f3rio, seja quanto \u00e0 quest\u00e3o das prerrogativas inerentes \u00e0 fun\u00e7\u00e3o de advogado p\u00fablico.\"\r\n\r\nAcesse a entrevista completa: <a href=\"https:\/\/youtube.com\/watch?v=SO9FZupVPc8\">youtube.com\/watch?v=SO9FZupVPc8<\/a>","_links":{"self":[{"href":"https:\/\/sinprofaz.org.br\/2024\/wp-json\/wp\/v2\/posts\/10663"}],"collection":[{"href":"https:\/\/sinprofaz.org.br\/2024\/wp-json\/wp\/v2\/posts"}],"about":[{"href":"https:\/\/sinprofaz.org.br\/2024\/wp-json\/wp\/v2\/types\/post"}],"author":[{"embeddable":true,"href":"https:\/\/sinprofaz.org.br\/2024\/wp-json\/wp\/v2\/users\/2"}],"replies":[{"embeddable":true,"href":"https:\/\/sinprofaz.org.br\/2024\/wp-json\/wp\/v2\/comments?post=10663"}],"version-history":[{"count":2,"href":"https:\/\/sinprofaz.org.br\/2024\/wp-json\/wp\/v2\/posts\/10663\/revisions"}],"predecessor-version":[{"id":10672,"href":"https:\/\/sinprofaz.org.br\/2024\/wp-json\/wp\/v2\/posts\/10663\/revisions\/10672"}],"wp:featuredmedia":[{"embeddable":true,"href":"https:\/\/sinprofaz.org.br\/2024\/wp-json\/wp\/v2\/media\/10664"}],"wp:attachment":[{"href":"https:\/\/sinprofaz.org.br\/2024\/wp-json\/wp\/v2\/media?parent=10663"}],"wp:term":[{"taxonomy":"category","embeddable":true,"href":"https:\/\/sinprofaz.org.br\/2024\/wp-json\/wp\/v2\/categories?post=10663"},{"taxonomy":"post_tag","embeddable":true,"href":"https:\/\/sinprofaz.org.br\/2024\/wp-json\/wp\/v2\/tags?post=10663"}],"curies":[{"name":"wp","href":"https:\/\/api.w.org\/{rel}","templated":true}]}}