{"id":10646,"date":"2019-10-29T17:08:17","date_gmt":"2019-10-29T20:08:17","guid":{"rendered":"http:\/\/www.sinprofaz.org.br\/?p=10646"},"modified":"2019-10-30T09:37:15","modified_gmt":"2019-10-30T12:37:15","slug":"sinprofaz-preside-mesa-em-seminario-sobre-o-papel-da-advocacia-publica","status":"publish","type":"post","link":"https:\/\/sinprofaz.org.br\/2024\/noticias\/sinprofaz-preside-mesa-em-seminario-sobre-o-papel-da-advocacia-publica\/","title":{"rendered":"SINPROFAZ PRESIDE MESA EM SEMIN\u00c1RIO SOBRE O PAPEL DA ADVOCACIA P\u00daBLICA"},"content":{"rendered":"<p>O SINPROFAZ, representado pelo presidente Ernane Brito, participou hoje (29) do Semin\u00e1rio &#8220;Advocacia P\u00fablica: Caminho para Governos Republicanos&#8221;. Promovido pela Comiss\u00e3o do Advogado P\u00fablico da OAB-GO e pela Escola Superior de Advocacia em Goi\u00e1s, o evento contou com presen\u00e7as ilustres, como a do advogado do FORVM, ex-AGU e ex-ministro da Justi\u00e7a, Jos\u00e9 Eduardo Cardozo, e da jurista Maria Sylvia Di Pietro. O Semin\u00e1rio foi realizado em Goi\u00e2nia\/GO.<\/p>\n<p>Presidente da mesa que discutiu instrumentos de meritocracia e prerrogativas do advogado p\u00fablico, Ernane Brito foi respons\u00e1vel pela media\u00e7\u00e3o dos debates entre Marcello Terto, presidente da Comiss\u00e3o Nacional de Advocacia P\u00fablica do CFOAB; Cristiano Giuliani, presidente da Associa\u00e7\u00e3o Nacional dos Procuradores Municipais &#8211; ANPM; e Jos\u00e9 Eduardo Cardozo. Segundo o presidente do SINPROFAZ, &#8220;a exist\u00eancia de medidas que estimulem e recompensem os advogados pelos m\u00e9ritos alcan\u00e7ados no exerc\u00edcio do m\u00fanus p\u00fablico \u00e9 garantia de excel\u00eancia dos resultados e de retorno cada vez maior \u00e0 sociedade&#8221;.<\/p>\n<p>A Carreira tamb\u00e9m foi representada em outros debates ao longo do Semin\u00e1rio. O procurador da Fazenda Nacional Phelippe Toledo de Oliveira, procurador-geral adjunto de Consultoria Tribut\u00e1ria e Previdenci\u00e1ria, palestrou sobre &#8220;Reforma Tribut\u00e1ria, Federalismo e Justi\u00e7a Fiscal&#8221;. J\u00e1 a ex-diretora do SINPROFAZ Regina Hirose tratou do tema &#8220;Os Desafios da Advocacia P\u00fablica e o Combate \u00e0 Corrup\u00e7\u00e3o&#8221;. O evento foi marcado ainda pelo lan\u00e7amento da obra \u201d<a href=\"http:\/\/loja.editoraforum.com.br\/carreiras-tipicas-de-estado-desafios-e-avancos-na-prevencao-e-no-combate-a-corrupcao\" target=\"_blank\" rel=\"noopener\">Carreiras T\u00edpicas de Estado: Desafios e Avan\u00e7os na Preven\u00e7\u00e3o e no Combate \u00e0 Corrup\u00e7\u00e3o<\/a>&#8220;, de autoria de Hirose.<\/p>\n<p>Tem\u00e1ticas como o papel do advogado p\u00fablico na condu\u00e7\u00e3o legal de pol\u00edticas p\u00fablicas e na aplica\u00e7\u00e3o dos princ\u00edpios da administra\u00e7\u00e3o p\u00fablica; a livre circula\u00e7\u00e3o dos advogados p\u00fablicos no meio acad\u00eamico e internacional como caminho de valoriza\u00e7\u00e3o; e a judicializa\u00e7\u00e3o de pol\u00edticas p\u00fablicas foram discutidas em palestras durante o evento. Advogados da Uni\u00e3o e procuradores federais, de Estado e do Munic\u00edpio representaram as respectivas carreiras nos demais debates realizados.<\/p>\n\n\t\t<style type=\"text\/css\">\n\t\t\t#gallery-1 {\n\t\t\t\tmargin: auto;\n\t\t\t}\n\t\t\t#gallery-1 .gallery-item {\n\t\t\t\tfloat: left;\n\t\t\t\tmargin-top: 10px;\n\t\t\t\ttext-align: center;\n\t\t\t\twidth: 33%;\n\t\t\t}\n\t\t\t#gallery-1 img {\n\t\t\t\tborder: 2px solid #cfcfcf;\n\t\t\t}\n\t\t\t#gallery-1 .gallery-caption {\n\t\t\t\tmargin-left: 0;\n\t\t\t}\n\t\t\t\/* see gallery_shortcode() in wp-includes\/media.php *\/\n\t\t<\/style>\n\t\t<div id='gallery-1' class='gallery galleryid-10646 gallery-columns-3 gallery-size-thumbnail'><dl class='gallery-item'>\n\t\t\t<dt class='gallery-icon landscape'>\n\t\t\t\t<a href='https:\/\/sinprofaz.org.br\/2024\/wp-content\/uploads\/2019\/10\/02-5.jpg'><img loading=\"lazy\" decoding=\"async\" width=\"150\" height=\"150\" src=\"https:\/\/sinprofaz.org.br\/2024\/wp-content\/uploads\/2019\/10\/02-5-150x150.jpg\" class=\"attachment-thumbnail size-thumbnail\" alt=\"\" \/><\/a>\n\t\t\t<\/dt><\/dl><dl class='gallery-item'>\n\t\t\t<dt class='gallery-icon landscape'>\n\t\t\t\t<a href='https:\/\/sinprofaz.org.br\/2024\/wp-content\/uploads\/2019\/10\/03-5.jpg'><img loading=\"lazy\" decoding=\"async\" width=\"150\" height=\"150\" src=\"https:\/\/sinprofaz.org.br\/2024\/wp-content\/uploads\/2019\/10\/03-5-150x150.jpg\" class=\"attachment-thumbnail size-thumbnail\" alt=\"\" \/><\/a>\n\t\t\t<\/dt><\/dl><dl class='gallery-item'>\n\t\t\t<dt class='gallery-icon landscape'>\n\t\t\t\t<a href='https:\/\/sinprofaz.org.br\/2024\/wp-content\/uploads\/2019\/10\/04-4.jpg'><img loading=\"lazy\" decoding=\"async\" width=\"150\" height=\"150\" src=\"https:\/\/sinprofaz.org.br\/2024\/wp-content\/uploads\/2019\/10\/04-4-150x150.jpg\" class=\"attachment-thumbnail size-thumbnail\" alt=\"\" \/><\/a>\n\t\t\t<\/dt><\/dl><br style=\"clear: both\" \/>\n\t\t<\/div>\n\n","protected":false},"excerpt":{"rendered":"<p>O SINPROFAZ, representado pelo presidente Ernane Brito, participou hoje (29) do Semin\u00e1rio &#8220;Advocacia P\u00fablica: Caminho para Governos Republicanos&#8221;. O evento contou com presen\u00e7as ilustres, como as de Jos\u00e9 Eduardo Cardozo e Maria Sylvia Di Pietro. Saiba mais sobre o Semin\u00e1rio.<\/p>\n","protected":false},"author":2,"featured_media":10647,"comment_status":"open","ping_status":"open","sticky":false,"template":"","format":"standard","meta":{"footnotes":""},"categories":[8],"tags":[34,22,25],"featured_image_url":"https:\/\/sinprofaz.org.br\/2024\/wp-content\/uploads\/2019\/10\/01-12.jpg","character_count":1289,"formatted_date":"29\/10\/2019 - 17:08","contentNovo":"O SINPROFAZ, representado pelo presidente Ernane Brito, participou hoje (29) do Semin\u00e1rio \"Advocacia P\u00fablica: Caminho para Governos Republicanos\". Promovido pela Comiss\u00e3o do Advogado P\u00fablico da OAB-GO e pela Escola Superior de Advocacia em Goi\u00e1s, o evento contou com presen\u00e7as ilustres, como a do advogado do FORVM, ex-AGU e ex-ministro da Justi\u00e7a, Jos\u00e9 Eduardo Cardozo, e da jurista Maria Sylvia Di Pietro. O Semin\u00e1rio foi realizado em Goi\u00e2nia\/GO.\r\n\r\nPresidente da mesa que discutiu instrumentos de meritocracia e prerrogativas do advogado p\u00fablico, Ernane Brito foi respons\u00e1vel pela media\u00e7\u00e3o dos debates entre Marcello Terto, presidente da Comiss\u00e3o Nacional de Advocacia P\u00fablica do CFOAB; Cristiano Giuliani, presidente da Associa\u00e7\u00e3o Nacional dos Procuradores Municipais - ANPM; e Jos\u00e9 Eduardo Cardozo. Segundo o presidente do SINPROFAZ, \"a exist\u00eancia de medidas que estimulem e recompensem os advogados pelos m\u00e9ritos alcan\u00e7ados no exerc\u00edcio do m\u00fanus p\u00fablico \u00e9 garantia de excel\u00eancia dos resultados e de retorno cada vez maior \u00e0 sociedade\".\r\n\r\nA Carreira tamb\u00e9m foi representada em outros debates ao longo do Semin\u00e1rio. O procurador da Fazenda Nacional Phelippe Toledo de Oliveira, procurador-geral adjunto de Consultoria Tribut\u00e1ria e Previdenci\u00e1ria, palestrou sobre \"Reforma Tribut\u00e1ria, Federalismo e Justi\u00e7a Fiscal\". J\u00e1 a ex-diretora do SINPROFAZ Regina Hirose tratou do tema \"Os Desafios da Advocacia P\u00fablica e o Combate \u00e0 Corrup\u00e7\u00e3o\". O evento foi marcado ainda pelo lan\u00e7amento da obra \u201d<a href=\"http:\/\/loja.editoraforum.com.br\/carreiras-tipicas-de-estado-desafios-e-avancos-na-prevencao-e-no-combate-a-corrupcao\" target=\"_blank\" rel=\"noopener\">Carreiras T\u00edpicas de Estado: Desafios e Avan\u00e7os na Preven\u00e7\u00e3o e no Combate \u00e0 Corrup\u00e7\u00e3o<\/a>\", de autoria de Hirose.\r\n\r\nTem\u00e1ticas como o papel do advogado p\u00fablico na condu\u00e7\u00e3o legal de pol\u00edticas p\u00fablicas e na aplica\u00e7\u00e3o dos princ\u00edpios da administra\u00e7\u00e3o p\u00fablica; a livre circula\u00e7\u00e3o dos advogados p\u00fablicos no meio acad\u00eamico e internacional como caminho de valoriza\u00e7\u00e3o; e a judicializa\u00e7\u00e3o de pol\u00edticas p\u00fablicas foram discutidas em palestras durante o evento. Advogados da Uni\u00e3o e procuradores federais, de Estado e do Munic\u00edpio representaram as respectivas carreiras nos demais debates realizados.\r\n\r\n[gallery link=\"file\" ids=\"10648,10649,10650\"]","_links":{"self":[{"href":"https:\/\/sinprofaz.org.br\/2024\/wp-json\/wp\/v2\/posts\/10646"}],"collection":[{"href":"https:\/\/sinprofaz.org.br\/2024\/wp-json\/wp\/v2\/posts"}],"about":[{"href":"https:\/\/sinprofaz.org.br\/2024\/wp-json\/wp\/v2\/types\/post"}],"author":[{"embeddable":true,"href":"https:\/\/sinprofaz.org.br\/2024\/wp-json\/wp\/v2\/users\/2"}],"replies":[{"embeddable":true,"href":"https:\/\/sinprofaz.org.br\/2024\/wp-json\/wp\/v2\/comments?post=10646"}],"version-history":[{"count":3,"href":"https:\/\/sinprofaz.org.br\/2024\/wp-json\/wp\/v2\/posts\/10646\/revisions"}],"predecessor-version":[{"id":10654,"href":"https:\/\/sinprofaz.org.br\/2024\/wp-json\/wp\/v2\/posts\/10646\/revisions\/10654"}],"wp:featuredmedia":[{"embeddable":true,"href":"https:\/\/sinprofaz.org.br\/2024\/wp-json\/wp\/v2\/media\/10647"}],"wp:attachment":[{"href":"https:\/\/sinprofaz.org.br\/2024\/wp-json\/wp\/v2\/media?parent=10646"}],"wp:term":[{"taxonomy":"category","embeddable":true,"href":"https:\/\/sinprofaz.org.br\/2024\/wp-json\/wp\/v2\/categories?post=10646"},{"taxonomy":"post_tag","embeddable":true,"href":"https:\/\/sinprofaz.org.br\/2024\/wp-json\/wp\/v2\/tags?post=10646"}],"curies":[{"name":"wp","href":"https:\/\/api.w.org\/{rel}","templated":true}]}}