{"id":10636,"date":"2019-10-28T14:07:30","date_gmt":"2019-10-28T17:07:30","guid":{"rendered":"http:\/\/www.sinprofaz.org.br\/?p=10636"},"modified":"2019-10-29T17:15:45","modified_gmt":"2019-10-29T20:15:45","slug":"para-advogado-distribuicao-da-receita-tributaria-deve-ser-repensada","status":"publish","type":"post","link":"https:\/\/sinprofaz.org.br\/2024\/noticias\/para-advogado-distribuicao-da-receita-tributaria-deve-ser-repensada\/","title":{"rendered":"PARA ADVOGADO, DISTRIBUI\u00c7\u00c3O DA RECEITA TRIBUT\u00c1RIA DEVE SER REPENSADA"},"content":{"rendered":"<p>Presidente da Comiss\u00e3o de Direito Financeiro e Tribut\u00e1rio do Instituto dos Advogados Brasileiros, Adilson Pires foi convidado pelo SINPROFAZ para participar de audi\u00eancia p\u00fablica no Senado Federal. Na ocasi\u00e3o, ele abordou a quest\u00e3o da depend\u00eancia, por um ente da Federa\u00e7\u00e3o, em rela\u00e7\u00e3o \u00e0 receita tribut\u00e1ria de um outro ente: &#8220;H\u00e1 quem defenda, eu sempre fui contra. Cada um deve arrecadar aquilo de que necessita, sem ficar dependendo da arrecada\u00e7\u00e3o de outro&#8221;.<\/p>\n<p>Auditor fiscal aposentado, Pires acredita que h\u00e1 uma injusti\u00e7a na forma como a receita tribut\u00e1ria \u00e9 repartida entre os entes da Federa\u00e7\u00e3o. O que falta, segundo ele, \u00e9 avaliar a necessidade de recursos no \u00e2mbito da Uni\u00e3o, dos Estados e dos Munic\u00edpios. &#8220;Antes de pensar em uma reforma tribut\u00e1ria, \u00e9 preciso saber de quanto precisa cada um dos tr\u00eas n\u00edveis de Poder. Ainda que a Uni\u00e3o detenha percentual um pouco maior, devemos primeiramente pensar nas necessidades de cada um, para s\u00f3 depois distribuirmos os recursos.&#8221;<\/p>\n<p>Assista a trecho da exposi\u00e7\u00e3o:\u00a0<a href=\"https:\/\/youtu.be\/Un4h3q3Dh2A\">https:\/\/youtu.be\/Un4h3q3Dh2A<\/a><\/p>\n","protected":false},"excerpt":{"rendered":"<p>Auditor fiscal aposentado, Adilson Pires foi convidado pelo SINPROFAZ para participar de audi\u00eancia p\u00fablica no Senado Federal. Segundo Pires, h\u00e1 uma injusti\u00e7a na forma como a receita tribut\u00e1ria \u00e9 repartida entre os entes da Federa\u00e7\u00e3o. Acesse a nota e assista a trecho da exposi\u00e7\u00e3o.<\/p>\n","protected":false},"author":2,"featured_media":10637,"comment_status":"open","ping_status":"open","sticky":false,"template":"","format":"standard","meta":{"footnotes":""},"categories":[8],"tags":[151,53,25],"featured_image_url":"https:\/\/sinprofaz.org.br\/2024\/wp-content\/uploads\/2019\/10\/01-11.jpg","character_count":547,"formatted_date":"28\/10\/2019 - 14:07","contentNovo":"Presidente da Comiss\u00e3o de Direito Financeiro e Tribut\u00e1rio do Instituto dos Advogados Brasileiros, Adilson Pires foi convidado pelo SINPROFAZ para participar de audi\u00eancia p\u00fablica no Senado Federal. Na ocasi\u00e3o, ele abordou a quest\u00e3o da depend\u00eancia, por um ente da Federa\u00e7\u00e3o, em rela\u00e7\u00e3o \u00e0 receita tribut\u00e1ria de um outro ente: \"H\u00e1 quem defenda, eu sempre fui contra. Cada um deve arrecadar aquilo de que necessita, sem ficar dependendo da arrecada\u00e7\u00e3o de outro\".\r\n\r\nAuditor fiscal aposentado, Pires acredita que h\u00e1 uma injusti\u00e7a na forma como a receita tribut\u00e1ria \u00e9 repartida entre os entes da Federa\u00e7\u00e3o. O que falta, segundo ele, \u00e9 avaliar a necessidade de recursos no \u00e2mbito da Uni\u00e3o, dos Estados e dos Munic\u00edpios. \"Antes de pensar em uma reforma tribut\u00e1ria, \u00e9 preciso saber de quanto precisa cada um dos tr\u00eas n\u00edveis de Poder. Ainda que a Uni\u00e3o detenha percentual um pouco maior, devemos primeiramente pensar nas necessidades de cada um, para s\u00f3 depois distribuirmos os recursos.\"\r\n\r\nAssista a trecho da exposi\u00e7\u00e3o:\u00a0<a href=\"https:\/\/youtu.be\/Un4h3q3Dh2A\">https:\/\/youtu.be\/Un4h3q3Dh2A<\/a>","_links":{"self":[{"href":"https:\/\/sinprofaz.org.br\/2024\/wp-json\/wp\/v2\/posts\/10636"}],"collection":[{"href":"https:\/\/sinprofaz.org.br\/2024\/wp-json\/wp\/v2\/posts"}],"about":[{"href":"https:\/\/sinprofaz.org.br\/2024\/wp-json\/wp\/v2\/types\/post"}],"author":[{"embeddable":true,"href":"https:\/\/sinprofaz.org.br\/2024\/wp-json\/wp\/v2\/users\/2"}],"replies":[{"embeddable":true,"href":"https:\/\/sinprofaz.org.br\/2024\/wp-json\/wp\/v2\/comments?post=10636"}],"version-history":[{"count":4,"href":"https:\/\/sinprofaz.org.br\/2024\/wp-json\/wp\/v2\/posts\/10636\/revisions"}],"predecessor-version":[{"id":10653,"href":"https:\/\/sinprofaz.org.br\/2024\/wp-json\/wp\/v2\/posts\/10636\/revisions\/10653"}],"wp:featuredmedia":[{"embeddable":true,"href":"https:\/\/sinprofaz.org.br\/2024\/wp-json\/wp\/v2\/media\/10637"}],"wp:attachment":[{"href":"https:\/\/sinprofaz.org.br\/2024\/wp-json\/wp\/v2\/media?parent=10636"}],"wp:term":[{"taxonomy":"category","embeddable":true,"href":"https:\/\/sinprofaz.org.br\/2024\/wp-json\/wp\/v2\/categories?post=10636"},{"taxonomy":"post_tag","embeddable":true,"href":"https:\/\/sinprofaz.org.br\/2024\/wp-json\/wp\/v2\/tags?post=10636"}],"curies":[{"name":"wp","href":"https:\/\/api.w.org\/{rel}","templated":true}]}}