{"id":10632,"date":"2019-10-25T17:51:25","date_gmt":"2019-10-25T20:51:25","guid":{"rendered":"http:\/\/www.sinprofaz.org.br\/?p=10632"},"modified":"2019-10-28T15:09:39","modified_gmt":"2019-10-28T18:09:39","slug":"ultimas-vagas-para-o-19-encontro-garanta-a-participacao-de-sua-familia","status":"publish","type":"post","link":"https:\/\/sinprofaz.org.br\/2024\/noticias\/ultimas-vagas-para-o-19-encontro-garanta-a-participacao-de-sua-familia\/","title":{"rendered":"\u00daLTIMAS VAGAS PARA O 19\u00ba ENCONTRO, GARANTA A PARTICIPA\u00c7\u00c3O DE SUA FAM\u00cdLIA!"},"content":{"rendered":"<p>O 19\u00ba Encontro Nacional dos Procuradores da Fazenda Nacional se aproxima: o evento ocorre de 28 de novembro a 1\u00ba de dezembro, no Cost\u00e3o do Santinho, em Florian\u00f3polis\/SC. Se voc\u00ea ainda n\u00e3o garantiu a sua participa\u00e7\u00e3o e a de sua fam\u00edlia, aproveite as \u00faltimas vagas!<\/p>\n<p>As inscri\u00e7\u00f5es devem ser feitas diretamente com a equipe do resort, pelo telefone 0800 48 1000. No ato da reserva, informe o desejo de participar do 19\u00ba Encontro do SINPROFAZ. Dessa forma, voc\u00ea aproveita as condi\u00e7\u00f5es especiais de hospedagem que o Sindicato e o Cost\u00e3o do Santinho garantem aos PFNs filiados.<\/p>\n<p>Acesse o Edital e confira os crit\u00e9rios para obten\u00e7\u00e3o de subs\u00eddios, os valores das di\u00e1rias e outras informa\u00e7\u00f5es: <a href=\"http:\/\/bit.ly\/EditalEncontro\" target=\"_blank\" rel=\"noopener\">bit.ly\/EditalEncontro<\/a>.<\/p>\n","protected":false},"excerpt":{"rendered":"<p>O 19\u00ba Encontro Nacional dos Procuradores da Fazenda Nacional se aproxima: o evento ocorre de 28 de novembro a 1\u00ba de dezembro, no Cost\u00e3o do Santinho, em Florian\u00f3polis\/SC. Se voc\u00ea ainda n\u00e3o garantiu a sua participa\u00e7\u00e3o, aproveite!<\/p>\n","protected":false},"author":2,"featured_media":9701,"comment_status":"open","ping_status":"open","sticky":false,"template":"","format":"standard","meta":{"footnotes":""},"categories":[8],"tags":[32,62,146,25],"featured_image_url":"https:\/\/sinprofaz.org.br\/2024\/wp-content\/uploads\/2019\/05\/19-encontro.png","character_count":365,"formatted_date":"25\/10\/2019 - 17:51","contentNovo":"O 19\u00ba Encontro Nacional dos Procuradores da Fazenda Nacional se aproxima: o evento ocorre de 28 de novembro a 1\u00ba de dezembro, no Cost\u00e3o do Santinho, em Florian\u00f3polis\/SC. Se voc\u00ea ainda n\u00e3o garantiu a sua participa\u00e7\u00e3o e a de sua fam\u00edlia, aproveite as \u00faltimas vagas!\r\n\r\nAs inscri\u00e7\u00f5es devem ser feitas diretamente com a equipe do resort, pelo telefone 0800 48 1000. No ato da reserva, informe o desejo de participar do 19\u00ba Encontro do SINPROFAZ. Dessa forma, voc\u00ea aproveita as condi\u00e7\u00f5es especiais de hospedagem que o Sindicato e o Cost\u00e3o do Santinho garantem aos PFNs filiados.\r\n\r\nAcesse o Edital e confira os crit\u00e9rios para obten\u00e7\u00e3o de subs\u00eddios, os valores das di\u00e1rias e outras informa\u00e7\u00f5es: <a href=\"http:\/\/bit.ly\/EditalEncontro\" target=\"_blank\" rel=\"noopener\">bit.ly\/EditalEncontro<\/a>.","_links":{"self":[{"href":"https:\/\/sinprofaz.org.br\/2024\/wp-json\/wp\/v2\/posts\/10632"}],"collection":[{"href":"https:\/\/sinprofaz.org.br\/2024\/wp-json\/wp\/v2\/posts"}],"about":[{"href":"https:\/\/sinprofaz.org.br\/2024\/wp-json\/wp\/v2\/types\/post"}],"author":[{"embeddable":true,"href":"https:\/\/sinprofaz.org.br\/2024\/wp-json\/wp\/v2\/users\/2"}],"replies":[{"embeddable":true,"href":"https:\/\/sinprofaz.org.br\/2024\/wp-json\/wp\/v2\/comments?post=10632"}],"version-history":[{"count":2,"href":"https:\/\/sinprofaz.org.br\/2024\/wp-json\/wp\/v2\/posts\/10632\/revisions"}],"predecessor-version":[{"id":10641,"href":"https:\/\/sinprofaz.org.br\/2024\/wp-json\/wp\/v2\/posts\/10632\/revisions\/10641"}],"wp:featuredmedia":[{"embeddable":true,"href":"https:\/\/sinprofaz.org.br\/2024\/wp-json\/wp\/v2\/media\/9701"}],"wp:attachment":[{"href":"https:\/\/sinprofaz.org.br\/2024\/wp-json\/wp\/v2\/media?parent=10632"}],"wp:term":[{"taxonomy":"category","embeddable":true,"href":"https:\/\/sinprofaz.org.br\/2024\/wp-json\/wp\/v2\/categories?post=10632"},{"taxonomy":"post_tag","embeddable":true,"href":"https:\/\/sinprofaz.org.br\/2024\/wp-json\/wp\/v2\/tags?post=10632"}],"curies":[{"name":"wp","href":"https:\/\/api.w.org\/{rel}","templated":true}]}}