{"id":10627,"date":"2019-10-24T18:00:32","date_gmt":"2019-10-24T21:00:32","guid":{"rendered":"http:\/\/www.sinprofaz.org.br\/?p=10627"},"modified":"2019-10-25T18:08:03","modified_gmt":"2019-10-25T21:08:03","slug":"diagnostico-da-carreira-e-estudo-inedito-e-revolucionario-afirma-diretor","status":"publish","type":"post","link":"https:\/\/sinprofaz.org.br\/2024\/noticias\/diagnostico-da-carreira-e-estudo-inedito-e-revolucionario-afirma-diretor\/","title":{"rendered":"&#8220;DIAGN\u00d3STICO DA CARREIRA \u00c9 ESTUDO IN\u00c9DITO E REVOLUCION\u00c1RIO&#8221;, AFIRMA DIRETOR"},"content":{"rendered":"<p>Segundo Andr\u00e9 Campello, diretor de Comunica\u00e7\u00e3o Social do SINPROFAZ, o Diagn\u00f3stico da Carreira demonstrou que uma das principais preocupa\u00e7\u00f5es dos procuradores da Fazenda Nacional est\u00e1 relacionada \u00e0s condi\u00e7\u00f5es do \u00f3rg\u00e3o: a estrutura da PGFN n\u00e3o condiz com a import\u00e2ncia da Institui\u00e7\u00e3o e com a qualifica\u00e7\u00e3o e a dedica\u00e7\u00e3o da Carreira. O Diagn\u00f3stico revelou-se, ademais, ferramenta para a defini\u00e7\u00e3o dos objetivos a serem alcan\u00e7ados pelos PFNs.<\/p>\n<p>&#8220;O Primeiro Diagn\u00f3stico da Carreira de Procurador da Fazenda Nacional \u00e9 um estudo in\u00e9dito e revolucion\u00e1rio, pois permite n\u00e3o apenas que a Administra\u00e7\u00e3o conhe\u00e7a os PFNs que integram a Institui\u00e7\u00e3o, como tamb\u00e9m que a pr\u00f3pria Carreira saiba quem ela \u00e9, conhecendo seus anseios e suas necessidades. A partir da\u00ed, \u00e9 poss\u00edvel tra\u00e7ar os rumos para o que se busca alcan\u00e7ar.&#8221;<\/p>\n<p>Confira a entrevista completa:\u00a0<a href=\"https:\/\/www.youtube.com\/watch?v=qQRnWvUoCNc\" target=\"_blank\" rel=\"noopener\">bit.ly\/32L8AIy<\/a><\/p>\n","protected":false},"excerpt":{"rendered":"<p>Segundo Andr\u00e9 Campello, diretor de Comunica\u00e7\u00e3o Social do SINPROFAZ, o Diagn\u00f3stico da Carreira demonstrou que uma das principais preocupa\u00e7\u00f5es dos procuradores da Fazenda Nacional est\u00e1 relacionada \u00e0s condi\u00e7\u00f5es do \u00f3rg\u00e3o.<\/p>\n","protected":false},"author":2,"featured_media":10631,"comment_status":"open","ping_status":"open","sticky":false,"template":"","format":"standard","meta":{"footnotes":""},"categories":[8],"tags":[127,44,25],"featured_image_url":"https:\/\/sinprofaz.org.br\/2024\/wp-content\/uploads\/2019\/10\/andre.png","character_count":453,"formatted_date":"24\/10\/2019 - 18:00","contentNovo":"Segundo Andr\u00e9 Campello, diretor de Comunica\u00e7\u00e3o Social do SINPROFAZ, o Diagn\u00f3stico da Carreira demonstrou que uma das principais preocupa\u00e7\u00f5es dos procuradores da Fazenda Nacional est\u00e1 relacionada \u00e0s condi\u00e7\u00f5es do \u00f3rg\u00e3o: a estrutura da PGFN n\u00e3o condiz com a import\u00e2ncia da Institui\u00e7\u00e3o e com a qualifica\u00e7\u00e3o e a dedica\u00e7\u00e3o da Carreira. O Diagn\u00f3stico revelou-se, ademais, ferramenta para a defini\u00e7\u00e3o dos objetivos a serem alcan\u00e7ados pelos PFNs.\r\n\r\n\"O Primeiro Diagn\u00f3stico da Carreira de Procurador da Fazenda Nacional \u00e9 um estudo in\u00e9dito e revolucion\u00e1rio, pois permite n\u00e3o apenas que a Administra\u00e7\u00e3o conhe\u00e7a os PFNs que integram a Institui\u00e7\u00e3o, como tamb\u00e9m que a pr\u00f3pria Carreira saiba quem ela \u00e9, conhecendo seus anseios e suas necessidades. A partir da\u00ed, \u00e9 poss\u00edvel tra\u00e7ar os rumos para o que se busca alcan\u00e7ar.\"\r\n\r\nConfira a entrevista completa:\u00a0<a href=\"https:\/\/www.youtube.com\/watch?v=qQRnWvUoCNc\" target=\"_blank\" rel=\"noopener\">bit.ly\/32L8AIy<\/a>","_links":{"self":[{"href":"https:\/\/sinprofaz.org.br\/2024\/wp-json\/wp\/v2\/posts\/10627"}],"collection":[{"href":"https:\/\/sinprofaz.org.br\/2024\/wp-json\/wp\/v2\/posts"}],"about":[{"href":"https:\/\/sinprofaz.org.br\/2024\/wp-json\/wp\/v2\/types\/post"}],"author":[{"embeddable":true,"href":"https:\/\/sinprofaz.org.br\/2024\/wp-json\/wp\/v2\/users\/2"}],"replies":[{"embeddable":true,"href":"https:\/\/sinprofaz.org.br\/2024\/wp-json\/wp\/v2\/comments?post=10627"}],"version-history":[{"count":3,"href":"https:\/\/sinprofaz.org.br\/2024\/wp-json\/wp\/v2\/posts\/10627\/revisions"}],"predecessor-version":[{"id":10635,"href":"https:\/\/sinprofaz.org.br\/2024\/wp-json\/wp\/v2\/posts\/10627\/revisions\/10635"}],"wp:featuredmedia":[{"embeddable":true,"href":"https:\/\/sinprofaz.org.br\/2024\/wp-json\/wp\/v2\/media\/10631"}],"wp:attachment":[{"href":"https:\/\/sinprofaz.org.br\/2024\/wp-json\/wp\/v2\/media?parent=10627"}],"wp:term":[{"taxonomy":"category","embeddable":true,"href":"https:\/\/sinprofaz.org.br\/2024\/wp-json\/wp\/v2\/categories?post=10627"},{"taxonomy":"post_tag","embeddable":true,"href":"https:\/\/sinprofaz.org.br\/2024\/wp-json\/wp\/v2\/tags?post=10627"}],"curies":[{"name":"wp","href":"https:\/\/api.w.org\/{rel}","templated":true}]}}