{"id":10621,"date":"2019-10-23T08:51:33","date_gmt":"2019-10-23T11:51:33","guid":{"rendered":"http:\/\/www.sinprofaz.org.br\/?p=10621"},"modified":"2019-10-24T18:03:17","modified_gmt":"2019-10-24T21:03:17","slug":"mp-do-contribuinte-legal-e-tema-de-artigo-escrito-por-procurador-da-fazenda","status":"publish","type":"post","link":"https:\/\/sinprofaz.org.br\/2024\/noticias\/mp-do-contribuinte-legal-e-tema-de-artigo-escrito-por-procurador-da-fazenda\/","title":{"rendered":"MP DO CONTRIBUINTE LEGAL \u00c9 TEMA DE ARTIGO ESCRITO POR PROCURADOR DA FAZENDA"},"content":{"rendered":"<p>O procurador da Fazenda Nacional filiado Daniel Giotti \u00e9 autor de artigo publicado ontem (22) pelo portal Direito do Estado, site oficial do Instituto Brasileiro de Direito P\u00fablico &#8211; IBDP. No texto intitulado &#8220;A MP do Contribuinte Legal e uma nova Consensualidade: a transa\u00e7\u00e3o como redutora das dimens\u00f5es da complexidade tribut\u00e1ria e redentora da legalidade perdida&#8221;, Giotti trata da Medida Provis\u00f3ria 899\/2019, assinada na \u00faltima semana pelo presidente da Rep\u00fablica.<\/p>\n<p>Ao analisar a MP, Giotti afirma que a proposta legislativa pretende-se disruptiva ao propor a constru\u00e7\u00e3o de um novo cen\u00e1rio a partir da possibilidade da transa\u00e7\u00e3o tribut\u00e1ria. De acordo com o PFN, a Medida cria tr\u00eas modalidades de transa\u00e7\u00e3o: a transa\u00e7\u00e3o na cobran\u00e7a da d\u00edvida ativa, a transa\u00e7\u00e3o no contencioso judicial ou administrativo tribut\u00e1rio e a transa\u00e7\u00e3o no contencioso administrativo tribut\u00e1rio de baixo valor.<\/p>\n<p>Apostando que o ato normativo se insere dentro de um contexto de aprimoramento da cobran\u00e7a da d\u00edvida ativa, redu\u00e7\u00e3o do contencioso e recupera\u00e7\u00e3o da regularidade fiscal de pessoas f\u00edsicas e jur\u00eddicas, Daniel Giotti afirma a import\u00e2ncia da transa\u00e7\u00e3o tribut\u00e1ria como &#8220;algo que ressignifica a vida de v\u00e1rios contribuintes, superando-se erros individuais e coletivos que a complexidade da tributa\u00e7\u00e3o brasileira tem gerado&#8221;.<\/p>\n<p>Confira a \u00edntegra do artigo em <a href=\"http:\/\/bit.ly\/2W5VrH8\" target=\"_blank\" rel=\"noopener\">http:\/\/bit.ly\/2W5VrH8<\/a>.<\/p>\n","protected":false},"excerpt":{"rendered":"<p>No texto intitulado &#8220;A MP do Contribuinte Legal e uma nova Consensualidade: a transa\u00e7\u00e3o como redutora das dimens\u00f5es da complexidade tribut\u00e1ria e redentora da legalidade perdida&#8221;, Daniel Giotti trata da Medida Provis\u00f3ria 899\/2019.<\/p>\n","protected":false},"author":2,"featured_media":10622,"comment_status":"open","ping_status":"open","sticky":false,"template":"","format":"standard","meta":{"footnotes":""},"categories":[8],"tags":[32,45,156],"featured_image_url":"https:\/\/sinprofaz.org.br\/2024\/wp-content\/uploads\/2019\/10\/01-10.jpg","character_count":717,"formatted_date":"23\/10\/2019 - 08:51","contentNovo":"O procurador da Fazenda Nacional filiado Daniel Giotti \u00e9 autor de artigo publicado ontem (22) pelo portal Direito do Estado, site oficial do Instituto Brasileiro de Direito P\u00fablico - IBDP. No texto intitulado \"A MP do Contribuinte Legal e uma nova Consensualidade: a transa\u00e7\u00e3o como redutora das dimens\u00f5es da complexidade tribut\u00e1ria e redentora da legalidade perdida\", Giotti trata da Medida Provis\u00f3ria 899\/2019, assinada na \u00faltima semana pelo presidente da Rep\u00fablica.\r\n\r\nAo analisar a MP, Giotti afirma que a proposta legislativa pretende-se disruptiva ao propor a constru\u00e7\u00e3o de um novo cen\u00e1rio a partir da possibilidade da transa\u00e7\u00e3o tribut\u00e1ria. De acordo com o PFN, a Medida cria tr\u00eas modalidades de transa\u00e7\u00e3o: a transa\u00e7\u00e3o na cobran\u00e7a da d\u00edvida ativa, a transa\u00e7\u00e3o no contencioso judicial ou administrativo tribut\u00e1rio e a transa\u00e7\u00e3o no contencioso administrativo tribut\u00e1rio de baixo valor.\r\n\r\nApostando que o ato normativo se insere dentro de um contexto de aprimoramento da cobran\u00e7a da d\u00edvida ativa, redu\u00e7\u00e3o do contencioso e recupera\u00e7\u00e3o da regularidade fiscal de pessoas f\u00edsicas e jur\u00eddicas, Daniel Giotti afirma a import\u00e2ncia da transa\u00e7\u00e3o tribut\u00e1ria como \"algo que ressignifica a vida de v\u00e1rios contribuintes, superando-se erros individuais e coletivos que a complexidade da tributa\u00e7\u00e3o brasileira tem gerado\".\r\n\r\nConfira a \u00edntegra do artigo em <a href=\"http:\/\/bit.ly\/2W5VrH8\" target=\"_blank\" rel=\"noopener\">http:\/\/bit.ly\/2W5VrH8<\/a>.","_links":{"self":[{"href":"https:\/\/sinprofaz.org.br\/2024\/wp-json\/wp\/v2\/posts\/10621"}],"collection":[{"href":"https:\/\/sinprofaz.org.br\/2024\/wp-json\/wp\/v2\/posts"}],"about":[{"href":"https:\/\/sinprofaz.org.br\/2024\/wp-json\/wp\/v2\/types\/post"}],"author":[{"embeddable":true,"href":"https:\/\/sinprofaz.org.br\/2024\/wp-json\/wp\/v2\/users\/2"}],"replies":[{"embeddable":true,"href":"https:\/\/sinprofaz.org.br\/2024\/wp-json\/wp\/v2\/comments?post=10621"}],"version-history":[{"count":4,"href":"https:\/\/sinprofaz.org.br\/2024\/wp-json\/wp\/v2\/posts\/10621\/revisions"}],"predecessor-version":[{"id":10630,"href":"https:\/\/sinprofaz.org.br\/2024\/wp-json\/wp\/v2\/posts\/10621\/revisions\/10630"}],"wp:featuredmedia":[{"embeddable":true,"href":"https:\/\/sinprofaz.org.br\/2024\/wp-json\/wp\/v2\/media\/10622"}],"wp:attachment":[{"href":"https:\/\/sinprofaz.org.br\/2024\/wp-json\/wp\/v2\/media?parent=10621"}],"wp:term":[{"taxonomy":"category","embeddable":true,"href":"https:\/\/sinprofaz.org.br\/2024\/wp-json\/wp\/v2\/categories?post=10621"},{"taxonomy":"post_tag","embeddable":true,"href":"https:\/\/sinprofaz.org.br\/2024\/wp-json\/wp\/v2\/tags?post=10621"}],"curies":[{"name":"wp","href":"https:\/\/api.w.org\/{rel}","templated":true}]}}