{"id":10602,"date":"2019-10-21T15:27:15","date_gmt":"2019-10-21T18:27:15","guid":{"rendered":"http:\/\/www.sinprofaz.org.br\/?p=10602"},"modified":"2019-10-22T14:48:59","modified_gmt":"2019-10-22T17:48:59","slug":"sinprofaz-manifesta-apoio-a-medida-provisoria-do-contribuinte-legal","status":"publish","type":"post","link":"https:\/\/sinprofaz.org.br\/2024\/noticias\/sinprofaz-manifesta-apoio-a-medida-provisoria-do-contribuinte-legal\/","title":{"rendered":"SINPROFAZ MANIFESTA APOIO \u00c0 MEDIDA PROVIS\u00d3RIA DO CONTRIBUINTE LEGAL"},"content":{"rendered":"<p>Na \u00faltima quarta-feira (16), o SINPROFAZ compareceu \u00e0 solenidade de assinatura, pelo presidente da Rep\u00fablica, da Medida Provis\u00f3ria do Contribuinte Legal (MP 899\/19). Participaram da cerim\u00f4nia o presidente Ernane Brito, o vice-presidente Roberto Rodrigues e o diretor Achilles Frias, assim como v\u00e1rios outros Colegas da PGFN.<\/p>\n<p>O evento ganhou destaque nos canais oficiais da Presid\u00eancia da Rep\u00fablica, que ressaltaram a import\u00e2ncia do trabalho desempenhado pelos Membros da Procuradoria da Fazenda Nacional. Representando a Carreira, os dirigentes do SINPROFAZ fizeram uma foto com o presidente Jair Bolsonaro, a qual foi posteriormente divulgada pelo Planalto.<\/p>\n<p>Al\u00e9m do presidente da Rep\u00fablica, estiveram presentes \u00e0 solenidade o vice-presidente, Hamilton Mour\u00e3o; o ministro-chefe da Casa Civil, Onyx Lorenzoni; o ministro da Economia, Paulo Guedes; o presidente do Supremo Tribunal Federal, Dias Toffoli; o procurador-geral da Fazenda Nacional, Jos\u00e9 Levi; o advogado-geral da Uni\u00e3o, Andr\u00e9 Mendon\u00e7a; o secret\u00e1rio-geral da Presid\u00eancia, Jorge Oliveira; e o ministro do STF Alexandre de Moraes.<\/p>\n<p>Em discurso, Jos\u00e9 Levi afirmou que \u201ca rela\u00e7\u00e3o entre a administra\u00e7\u00e3o tribut\u00e1ria e o contribuinte n\u00e3o pode ser de desconfian\u00e7a, mas sim de di\u00e1logo construtivo, em favor do interesse p\u00fablico e do bem comum\u201d. Andr\u00e9 Mendon\u00e7a fez uso da palavra em seguida, momento em que destacou a disposi\u00e7\u00e3o do governo de \u201cbuscar, atrav\u00e9s do consenso e do di\u00e1logo, resgatar n\u00e3o s\u00f3 o cr\u00e9dito tribut\u00e1rio, mas a dignidade do contribuinte\u201d.<\/p>\n<p>&nbsp;<\/p>\n<p><strong><a href=\"https:\/\/www.conjur.com.br\/dl\/publicada-dou-mp-contribuinte-legal.pdf\" target=\"_blank\" rel=\"noopener\">Medida Provis\u00f3ria 899\/19<\/a><\/strong><\/p>\n<p>Para estimular a resolu\u00e7\u00e3o de conflitos fiscais entre a Administra\u00e7\u00e3o Tribut\u00e1ria Federal e os contribuintes com d\u00e9bitos junto \u00e0 Uni\u00e3o, a &#8220;MP do Contribuinte Legal&#8221; regulamenta o instituto da \u201ctransa\u00e7\u00e3o tribut\u00e1ria\u201d, prevista no Art. 171 do C\u00f3digo Tribut\u00e1rio Nacional. A transa\u00e7\u00e3o representa uma alternativa fiscalmente justa, contrapondo-se, portanto, \u00e0 pr\u00e1tica dos parcelamentos especiais (Refis).<\/p>\n<p>A Medida Provis\u00f3ria prop\u00f5e importante mudan\u00e7a na rela\u00e7\u00e3o entre o contribuinte devedor e a administra\u00e7\u00e3o tribut\u00e1ria, uma vez que prioriza a busca de solu\u00e7\u00f5es negociadas entre as partes e, com isso, a redu\u00e7\u00e3o de lit\u00edgios. Os benef\u00edcios, conforme a MP, ser\u00e3o concedidos apenas nos casos de comprovada necessidade, mediante avalia\u00e7\u00e3o individual da capacidade contributiva.<\/p>\n","protected":false},"excerpt":{"rendered":"<p>Na \u00faltima quarta-feira (16), o SINPROFAZ compareceu \u00e0 solenidade de assinatura, pelo presidente da Rep\u00fablica, da Medida Provis\u00f3ria do Contribuinte Legal (MP 899\/19). Participaram da cerim\u00f4nia o presidente Ernane Brito, o vice Roberto Rodrigues e o diretor Achilles Frias.<\/p>\n","protected":false},"author":2,"featured_media":10607,"comment_status":"open","ping_status":"open","sticky":false,"template":"","format":"standard","meta":{"footnotes":""},"categories":[8],"tags":[155,154,44],"featured_image_url":"https:\/\/sinprofaz.org.br\/2024\/wp-content\/uploads\/2019\/10\/012.png","character_count":1202,"formatted_date":"21\/10\/2019 - 15:27","contentNovo":"Na \u00faltima quarta-feira (16), o SINPROFAZ compareceu \u00e0 solenidade de assinatura, pelo presidente da Rep\u00fablica, da Medida Provis\u00f3ria do Contribuinte Legal (MP 899\/19). Participaram da cerim\u00f4nia o presidente Ernane Brito, o vice-presidente Roberto Rodrigues e o diretor Achilles Frias, assim como v\u00e1rios outros Colegas da PGFN.\r\n\r\nO evento ganhou destaque nos canais oficiais da Presid\u00eancia da Rep\u00fablica, que ressaltaram a import\u00e2ncia do trabalho desempenhado pelos Membros da Procuradoria da Fazenda Nacional. Representando a Carreira, os dirigentes do SINPROFAZ fizeram uma foto com o presidente Jair Bolsonaro, a qual foi posteriormente divulgada pelo Planalto.\r\n\r\nAl\u00e9m do presidente da Rep\u00fablica, estiveram presentes \u00e0 solenidade o vice-presidente, Hamilton Mour\u00e3o; o ministro-chefe da Casa Civil, Onyx Lorenzoni; o ministro da Economia, Paulo Guedes; o presidente do Supremo Tribunal Federal, Dias Toffoli; o procurador-geral da Fazenda Nacional, Jos\u00e9 Levi; o advogado-geral da Uni\u00e3o, Andr\u00e9 Mendon\u00e7a; o secret\u00e1rio-geral da Presid\u00eancia, Jorge Oliveira; e o ministro do STF Alexandre de Moraes.\r\n\r\nEm discurso, Jos\u00e9 Levi afirmou que \u201ca rela\u00e7\u00e3o entre a administra\u00e7\u00e3o tribut\u00e1ria e o contribuinte n\u00e3o pode ser de desconfian\u00e7a, mas sim de di\u00e1logo construtivo, em favor do interesse p\u00fablico e do bem comum\u201d. Andr\u00e9 Mendon\u00e7a fez uso da palavra em seguida, momento em que destacou a disposi\u00e7\u00e3o do governo de \u201cbuscar, atrav\u00e9s do consenso e do di\u00e1logo, resgatar n\u00e3o s\u00f3 o cr\u00e9dito tribut\u00e1rio, mas a dignidade do contribuinte\u201d.\r\n\r\n&nbsp;\r\n\r\n<strong><a href=\"https:\/\/www.conjur.com.br\/dl\/publicada-dou-mp-contribuinte-legal.pdf\" target=\"_blank\" rel=\"noopener\">Medida Provis\u00f3ria 899\/19<\/a><\/strong>\r\n\r\nPara estimular a resolu\u00e7\u00e3o de conflitos fiscais entre a Administra\u00e7\u00e3o Tribut\u00e1ria Federal e os contribuintes com d\u00e9bitos junto \u00e0 Uni\u00e3o, a \"MP do Contribuinte Legal\" regulamenta o instituto da \u201ctransa\u00e7\u00e3o tribut\u00e1ria\u201d, prevista no Art. 171 do C\u00f3digo Tribut\u00e1rio Nacional. A transa\u00e7\u00e3o representa uma alternativa fiscalmente justa, contrapondo-se, portanto, \u00e0 pr\u00e1tica dos parcelamentos especiais (Refis).\r\n\r\nA Medida Provis\u00f3ria prop\u00f5e importante mudan\u00e7a na rela\u00e7\u00e3o entre o contribuinte devedor e a administra\u00e7\u00e3o tribut\u00e1ria, uma vez que prioriza a busca de solu\u00e7\u00f5es negociadas entre as partes e, com isso, a redu\u00e7\u00e3o de lit\u00edgios. Os benef\u00edcios, conforme a MP, ser\u00e3o concedidos apenas nos casos de comprovada necessidade, mediante avalia\u00e7\u00e3o individual da capacidade contributiva.","_links":{"self":[{"href":"https:\/\/sinprofaz.org.br\/2024\/wp-json\/wp\/v2\/posts\/10602"}],"collection":[{"href":"https:\/\/sinprofaz.org.br\/2024\/wp-json\/wp\/v2\/posts"}],"about":[{"href":"https:\/\/sinprofaz.org.br\/2024\/wp-json\/wp\/v2\/types\/post"}],"author":[{"embeddable":true,"href":"https:\/\/sinprofaz.org.br\/2024\/wp-json\/wp\/v2\/users\/2"}],"replies":[{"embeddable":true,"href":"https:\/\/sinprofaz.org.br\/2024\/wp-json\/wp\/v2\/comments?post=10602"}],"version-history":[{"count":4,"href":"https:\/\/sinprofaz.org.br\/2024\/wp-json\/wp\/v2\/posts\/10602\/revisions"}],"predecessor-version":[{"id":10618,"href":"https:\/\/sinprofaz.org.br\/2024\/wp-json\/wp\/v2\/posts\/10602\/revisions\/10618"}],"wp:featuredmedia":[{"embeddable":true,"href":"https:\/\/sinprofaz.org.br\/2024\/wp-json\/wp\/v2\/media\/10607"}],"wp:attachment":[{"href":"https:\/\/sinprofaz.org.br\/2024\/wp-json\/wp\/v2\/media?parent=10602"}],"wp:term":[{"taxonomy":"category","embeddable":true,"href":"https:\/\/sinprofaz.org.br\/2024\/wp-json\/wp\/v2\/categories?post=10602"},{"taxonomy":"post_tag","embeddable":true,"href":"https:\/\/sinprofaz.org.br\/2024\/wp-json\/wp\/v2\/tags?post=10602"}],"curies":[{"name":"wp","href":"https:\/\/api.w.org\/{rel}","templated":true}]}}