{"id":10581,"date":"2019-10-16T14:26:57","date_gmt":"2019-10-16T17:26:57","guid":{"rendered":"http:\/\/www.sinprofaz.org.br\/?p=10581"},"modified":"2019-10-21T16:11:52","modified_gmt":"2019-10-21T19:11:52","slug":"sinprofaz-participa-da-cerimonia-de-assinatura-pelo-presidente-da-republica-da-mp-do-contribuinte-legal","status":"publish","type":"post","link":"https:\/\/sinprofaz.org.br\/2024\/noticias\/sinprofaz-participa-da-cerimonia-de-assinatura-pelo-presidente-da-republica-da-mp-do-contribuinte-legal\/","title":{"rendered":"SINPROFAZ PARTICIPA DE CERIM\u00d4NIA DE ASSINATURA, PELO PRESIDENTE DA REP\u00daBLICA, DA MP DO CONTRIBUINTE LEGAL"},"content":{"rendered":"<p>O SINPROFAZ, representado pelo Presidente Jos\u00e9 Ernane de Souza Brito, pelo Vice-presidente, Roberto Rodrigues de Oliveira, e pelo Diretor Achilles Frias, esteve presente nesta quarta-feira (16) no Pal\u00e1cio do Planalto na cerim\u00f4nia de assinatura da Medida Provis\u00f3ria do Contribuinte Legal.<\/p>\n<p>Ao regulamentar a transa\u00e7\u00e3o tribut\u00e1ria, prevista no C\u00f3digo Tribut\u00e1rio Nacional, a medida permite que contribuintes e Uni\u00e3o negociem d\u00e9bitos tribut\u00e1rios, incentivando a regulariza\u00e7\u00e3o de d\u00edvidas. A MP tem valor de lei ao ser publicada no Di\u00e1rio Oficial da Uni\u00e3o, mas precisa ser aprovada em 120 dias por deputados e senadores. Caso contr\u00e1rio, a medida deixa de ter validade.<\/p>\n<p>Estiveram presentes \u00e0 mesa o presidente da Rep\u00fablica, Jair Bolsonaro, o vice-presidente, Hamilton Mour\u00e3o, o ministro-chefe da Casa Civil, Onyx Lorenzoni, o ministro da Economia, Paulo Guedes, o procurador-geral da Fazenda Nacional, Jos\u00e9 Levi Mello, o presidente do Supremo Tribunal Federal, Dias Toffoli, o advogado-geral da Uni\u00e3o, Andr\u00e9 Mendon\u00e7a, e o secret\u00e1rio-geral da Presid\u00eancia, Jorge Oliveira.<\/p>\n<p>Discursaram em defesa do ato normativo o presidente Jair Bolsonaro, o procurador-geral da Fazenda Nacional Jos\u00e9 Levi e o advogado-geral da Uni\u00e3o, Andr\u00e9 Mendon\u00e7a. Bolsonaro apelidou medida de \u201cMP da Segunda Chance\u201d e afirmou que o ato ter\u00e1 impacto positivo para agilizar processos tribut\u00e1rios e incentivar o empreendedorismo no Brasil. Para Mendon\u00e7a, a MP do Contribuinte Legal \u201cresgata a dignidade das pessoas\u201d e \u201creacende a esperan\u00e7a de empreender no pa\u00eds\u201d. Segundo Levi, a medida \u00e9 um primeiro passo a caminho de uma reforma tribut\u00e1ria que simplifique a tributa\u00e7\u00e3o e respeite a autonomia dos entes federados.<\/p>\n<p>Na ocasi\u00e3o, os dirigentes associativos defenderam os principais pleitos da Carreira perante \u00e0s altas autoridades da Rep\u00fablica.<\/p>\n\n\t\t<style type=\"text\/css\">\n\t\t\t#gallery-1 {\n\t\t\t\tmargin: auto;\n\t\t\t}\n\t\t\t#gallery-1 .gallery-item {\n\t\t\t\tfloat: left;\n\t\t\t\tmargin-top: 10px;\n\t\t\t\ttext-align: center;\n\t\t\t\twidth: 33%;\n\t\t\t}\n\t\t\t#gallery-1 img {\n\t\t\t\tborder: 2px solid #cfcfcf;\n\t\t\t}\n\t\t\t#gallery-1 .gallery-caption {\n\t\t\t\tmargin-left: 0;\n\t\t\t}\n\t\t\t\/* see gallery_shortcode() in wp-includes\/media.php *\/\n\t\t<\/style>\n\t\t<div id='gallery-1' class='gallery galleryid-10581 gallery-columns-3 gallery-size-thumbnail'><dl class='gallery-item'>\n\t\t\t<dt class='gallery-icon landscape'>\n\t\t\t\t<a href='https:\/\/sinprofaz.org.br\/2024\/wp-content\/uploads\/2019\/10\/02-4.jpg'><img loading=\"lazy\" decoding=\"async\" width=\"150\" height=\"150\" src=\"https:\/\/sinprofaz.org.br\/2024\/wp-content\/uploads\/2019\/10\/02-4-150x150.jpg\" class=\"attachment-thumbnail size-thumbnail\" alt=\"\" \/><\/a>\n\t\t\t<\/dt><\/dl><dl class='gallery-item'>\n\t\t\t<dt class='gallery-icon landscape'>\n\t\t\t\t<a href='https:\/\/sinprofaz.org.br\/2024\/wp-content\/uploads\/2019\/10\/03-2.png'><img loading=\"lazy\" decoding=\"async\" width=\"150\" height=\"150\" src=\"https:\/\/sinprofaz.org.br\/2024\/wp-content\/uploads\/2019\/10\/03-2-150x150.png\" class=\"attachment-thumbnail size-thumbnail\" alt=\"\" \/><\/a>\n\t\t\t<\/dt><\/dl><dl class='gallery-item'>\n\t\t\t<dt class='gallery-icon landscape'>\n\t\t\t\t<a href='https:\/\/sinprofaz.org.br\/2024\/wp-content\/uploads\/2019\/10\/04-3.jpg'><img loading=\"lazy\" decoding=\"async\" width=\"150\" height=\"150\" src=\"https:\/\/sinprofaz.org.br\/2024\/wp-content\/uploads\/2019\/10\/04-3-150x150.jpg\" class=\"attachment-thumbnail size-thumbnail\" alt=\"\" \/><\/a>\n\t\t\t<\/dt><\/dl><br style=\"clear: both\" \/>\n\t\t<\/div>\n\n","protected":false},"excerpt":{"rendered":"<p>O SINPROFAZ, representado pelo Presidente Jos\u00e9 Ernane de Souza Brito, pelo Vice-presidente, Roberto Rodrigues de Oliveira, e pelo Diretor Achilles Frias, esteve presente na cerim\u00f4nia de assinatura da Medida Provis\u00f3ria do Contribuinte Legal.<\/p>\n","protected":false},"author":2,"featured_media":10582,"comment_status":"open","ping_status":"open","sticky":false,"template":"","format":"standard","meta":{"footnotes":""},"categories":[8],"tags":[43,32,46,153,154,44,25],"featured_image_url":"https:\/\/sinprofaz.org.br\/2024\/wp-content\/uploads\/2019\/10\/01-8.jpg","character_count":1117,"formatted_date":"16\/10\/2019 - 14:26","contentNovo":"O SINPROFAZ, representado pelo Presidente Jos\u00e9 Ernane de Souza Brito, pelo Vice-presidente, Roberto Rodrigues de Oliveira, e pelo Diretor Achilles Frias, esteve presente nesta quarta-feira (16) no Pal\u00e1cio do Planalto na cerim\u00f4nia de assinatura da Medida Provis\u00f3ria do Contribuinte Legal.\r\n\r\nAo regulamentar a transa\u00e7\u00e3o tribut\u00e1ria, prevista no C\u00f3digo Tribut\u00e1rio Nacional, a medida permite que contribuintes e Uni\u00e3o negociem d\u00e9bitos tribut\u00e1rios, incentivando a regulariza\u00e7\u00e3o de d\u00edvidas. A MP tem valor de lei ao ser publicada no Di\u00e1rio Oficial da Uni\u00e3o, mas precisa ser aprovada em 120 dias por deputados e senadores. Caso contr\u00e1rio, a medida deixa de ter validade.\r\n\r\nEstiveram presentes \u00e0 mesa o presidente da Rep\u00fablica, Jair Bolsonaro, o vice-presidente, Hamilton Mour\u00e3o, o ministro-chefe da Casa Civil, Onyx Lorenzoni, o ministro da Economia, Paulo Guedes, o procurador-geral da Fazenda Nacional, Jos\u00e9 Levi Mello, o presidente do Supremo Tribunal Federal, Dias Toffoli, o advogado-geral da Uni\u00e3o, Andr\u00e9 Mendon\u00e7a, e o secret\u00e1rio-geral da Presid\u00eancia, Jorge Oliveira.\r\n\r\nDiscursaram em defesa do ato normativo o presidente Jair Bolsonaro, o procurador-geral da Fazenda Nacional Jos\u00e9 Levi e o advogado-geral da Uni\u00e3o, Andr\u00e9 Mendon\u00e7a. Bolsonaro apelidou medida de \u201cMP da Segunda Chance\u201d e afirmou que o ato ter\u00e1 impacto positivo para agilizar processos tribut\u00e1rios e incentivar o empreendedorismo no Brasil. Para Mendon\u00e7a, a MP do Contribuinte Legal \u201cresgata a dignidade das pessoas\u201d e \u201creacende a esperan\u00e7a de empreender no pa\u00eds\u201d. Segundo Levi, a medida \u00e9 um primeiro passo a caminho de uma reforma tribut\u00e1ria que simplifique a tributa\u00e7\u00e3o e respeite a autonomia dos entes federados.\r\n\r\nNa ocasi\u00e3o, os dirigentes associativos defenderam os principais pleitos da Carreira perante \u00e0s altas autoridades da Rep\u00fablica.\r\n\r\n[gallery link=\"file\" ids=\"10583,10588,10585\"]","_links":{"self":[{"href":"https:\/\/sinprofaz.org.br\/2024\/wp-json\/wp\/v2\/posts\/10581"}],"collection":[{"href":"https:\/\/sinprofaz.org.br\/2024\/wp-json\/wp\/v2\/posts"}],"about":[{"href":"https:\/\/sinprofaz.org.br\/2024\/wp-json\/wp\/v2\/types\/post"}],"author":[{"embeddable":true,"href":"https:\/\/sinprofaz.org.br\/2024\/wp-json\/wp\/v2\/users\/2"}],"replies":[{"embeddable":true,"href":"https:\/\/sinprofaz.org.br\/2024\/wp-json\/wp\/v2\/comments?post=10581"}],"version-history":[{"count":8,"href":"https:\/\/sinprofaz.org.br\/2024\/wp-json\/wp\/v2\/posts\/10581\/revisions"}],"predecessor-version":[{"id":10611,"href":"https:\/\/sinprofaz.org.br\/2024\/wp-json\/wp\/v2\/posts\/10581\/revisions\/10611"}],"wp:featuredmedia":[{"embeddable":true,"href":"https:\/\/sinprofaz.org.br\/2024\/wp-json\/wp\/v2\/media\/10582"}],"wp:attachment":[{"href":"https:\/\/sinprofaz.org.br\/2024\/wp-json\/wp\/v2\/media?parent=10581"}],"wp:term":[{"taxonomy":"category","embeddable":true,"href":"https:\/\/sinprofaz.org.br\/2024\/wp-json\/wp\/v2\/categories?post=10581"},{"taxonomy":"post_tag","embeddable":true,"href":"https:\/\/sinprofaz.org.br\/2024\/wp-json\/wp\/v2\/tags?post=10581"}],"curies":[{"name":"wp","href":"https:\/\/api.w.org\/{rel}","templated":true}]}}