{"id":10577,"date":"2019-10-15T09:34:04","date_gmt":"2019-10-15T12:34:04","guid":{"rendered":"http:\/\/www.sinprofaz.org.br\/?p=10577"},"modified":"2019-10-21T14:40:35","modified_gmt":"2019-10-21T17:40:35","slug":"cidadao-nao-pode-continuar-pagando-a-conta-da-injustica-fiscal-defende-pfn","status":"publish","type":"post","link":"https:\/\/sinprofaz.org.br\/2024\/noticias\/cidadao-nao-pode-continuar-pagando-a-conta-da-injustica-fiscal-defende-pfn\/","title":{"rendered":"CIDAD\u00c3O N\u00c3O PODE CONTINUAR PAGANDO A CONTA DA INJUSTI\u00c7A FISCAL, DEFENDE PFN"},"content":{"rendered":"<p>Denise Lucena \u00e9 procuradora da Fazenda Nacional filiada ao SINPROFAZ e professora da Universidade Federal do Cear\u00e1. Em audi\u00eancia p\u00fablica realizada no Senado em 8 de outubro, a PFN tratou das propostas de emenda \u00e0 Constitui\u00e7\u00e3o que tramitam no Congresso Nacional e que visam a altera\u00e7\u00e3o do Sistema Tribut\u00e1rio Nacional. Denise Lucena questionou a necessidade de cria\u00e7\u00e3o de um novo imposto (o IBS, Imposto sobre Bens e Servi\u00e7os) t\u00e3o semelhante ao IVA (Imposto sobre Valor Agregado), que j\u00e1 \u00e9 reconhecido pelo Mercosul. Ela abordou ainda o risco de a reforma tribut\u00e1ria onerar novamente o cidad\u00e3o.<\/p>\n<p>&#8220;Precisamos ter a garantia de que o cidad\u00e3o n\u00e3o ser\u00e1 massacrado. Tenho ouvido muito pouco, nos debates, sobre a prote\u00e7\u00e3o ao cidad\u00e3o brasileiro. Escuto sobre federalismo, vejo os entes brigando pela sua parte na carga tribut\u00e1ria, vejo os empres\u00e1rios atuando pela prote\u00e7\u00e3o da livre concorr\u00eancia, mas ou\u00e7o muito pouco sobre o cidad\u00e3o e sobre a injusti\u00e7a de ele ter que, novamente, pagar o pre\u00e7o. Se focarmos no consumo, n\u00e3o haver\u00e1 outra sa\u00edda: n\u00f3s \u00e9 que vamos pagar novamente essa conta.&#8221;<\/p>\n<p>Confira trecho da exposi\u00e7\u00e3o de Denise Lucena:\u00a0<a href=\"https:\/\/youtu.be\/C36vmX3C1mI\" target=\"_blank\" rel=\"noopener\">https:\/\/youtu.be\/C36vmX3C1mI<\/a><\/p>\n","protected":false},"excerpt":{"rendered":"<p>Denise Lucena \u00e9 procuradora da Fazenda Nacional filiada e professora da Universidade Federal do Cear\u00e1. Em audi\u00eancia p\u00fablica realizada no Senado em 8 de outubro, a PFN tratou das propostas de emenda \u00e0 Constitui\u00e7\u00e3o que visam a altera\u00e7\u00e3o do Sistema Tribut\u00e1rio.<\/p>\n","protected":false},"author":2,"featured_media":10579,"comment_status":"open","ping_status":"open","sticky":false,"template":"","format":"standard","meta":{"footnotes":""},"categories":[8],"tags":[128,53,25],"featured_image_url":"https:\/\/sinprofaz.org.br\/2024\/wp-content\/uploads\/2019\/10\/denise.png","character_count":604,"formatted_date":"15\/10\/2019 - 09:34","contentNovo":"Denise Lucena \u00e9 procuradora da Fazenda Nacional filiada ao SINPROFAZ e professora da Universidade Federal do Cear\u00e1. Em audi\u00eancia p\u00fablica realizada no Senado em 8 de outubro, a PFN tratou das propostas de emenda \u00e0 Constitui\u00e7\u00e3o que tramitam no Congresso Nacional e que visam a altera\u00e7\u00e3o do Sistema Tribut\u00e1rio Nacional. Denise Lucena questionou a necessidade de cria\u00e7\u00e3o de um novo imposto (o IBS, Imposto sobre Bens e Servi\u00e7os) t\u00e3o semelhante ao IVA (Imposto sobre Valor Agregado), que j\u00e1 \u00e9 reconhecido pelo Mercosul. Ela abordou ainda o risco de a reforma tribut\u00e1ria onerar novamente o cidad\u00e3o.\r\n\r\n\"Precisamos ter a garantia de que o cidad\u00e3o n\u00e3o ser\u00e1 massacrado. Tenho ouvido muito pouco, nos debates, sobre a prote\u00e7\u00e3o ao cidad\u00e3o brasileiro. Escuto sobre federalismo, vejo os entes brigando pela sua parte na carga tribut\u00e1ria, vejo os empres\u00e1rios atuando pela prote\u00e7\u00e3o da livre concorr\u00eancia, mas ou\u00e7o muito pouco sobre o cidad\u00e3o e sobre a injusti\u00e7a de ele ter que, novamente, pagar o pre\u00e7o. Se focarmos no consumo, n\u00e3o haver\u00e1 outra sa\u00edda: n\u00f3s \u00e9 que vamos pagar novamente essa conta.\"\r\n\r\nConfira trecho da exposi\u00e7\u00e3o de Denise Lucena:\u00a0<a href=\"https:\/\/youtu.be\/C36vmX3C1mI\" target=\"_blank\" rel=\"noopener\">https:\/\/youtu.be\/C36vmX3C1mI<\/a>","_links":{"self":[{"href":"https:\/\/sinprofaz.org.br\/2024\/wp-json\/wp\/v2\/posts\/10577"}],"collection":[{"href":"https:\/\/sinprofaz.org.br\/2024\/wp-json\/wp\/v2\/posts"}],"about":[{"href":"https:\/\/sinprofaz.org.br\/2024\/wp-json\/wp\/v2\/types\/post"}],"author":[{"embeddable":true,"href":"https:\/\/sinprofaz.org.br\/2024\/wp-json\/wp\/v2\/users\/2"}],"replies":[{"embeddable":true,"href":"https:\/\/sinprofaz.org.br\/2024\/wp-json\/wp\/v2\/comments?post=10577"}],"version-history":[{"count":2,"href":"https:\/\/sinprofaz.org.br\/2024\/wp-json\/wp\/v2\/posts\/10577\/revisions"}],"predecessor-version":[{"id":10600,"href":"https:\/\/sinprofaz.org.br\/2024\/wp-json\/wp\/v2\/posts\/10577\/revisions\/10600"}],"wp:featuredmedia":[{"embeddable":true,"href":"https:\/\/sinprofaz.org.br\/2024\/wp-json\/wp\/v2\/media\/10579"}],"wp:attachment":[{"href":"https:\/\/sinprofaz.org.br\/2024\/wp-json\/wp\/v2\/media?parent=10577"}],"wp:term":[{"taxonomy":"category","embeddable":true,"href":"https:\/\/sinprofaz.org.br\/2024\/wp-json\/wp\/v2\/categories?post=10577"},{"taxonomy":"post_tag","embeddable":true,"href":"https:\/\/sinprofaz.org.br\/2024\/wp-json\/wp\/v2\/tags?post=10577"}],"curies":[{"name":"wp","href":"https:\/\/api.w.org\/{rel}","templated":true}]}}