{"id":1053,"date":"2012-10-19T16:47:29","date_gmt":"2012-10-19T16:47:29","guid":{"rendered":""},"modified":"-0001-11-30T00:00:00","modified_gmt":"-0001-11-30T03:00:00","slug":"sinprofaz-debate-advocacia-publica-com-academicos-de-direito","status":"publish","type":"post","link":"https:\/\/sinprofaz.org.br\/2024\/noticias\/sinprofaz-debate-advocacia-publica-com-academicos-de-direito\/","title":{"rendered":"SINPROFAZ debate Advocacia P\u00fablica com acad\u00eamicos de Direito"},"content":{"rendered":"<p><img loading=\"lazy\" decoding=\"async\" style=\"margin-right: 10px; border: 1px solid #000000; float: left;\" alt=\"SINPROFAZ debate Advocacia P\u00fablica com acad\u00eamicos de Direito\" src=\"images\/noticias\/sinprofaz-debate-academicos-direito-16-10-2012\/sinprofaz-debate-academicos-direito-16-10-2012-foto-02.jpg\" height=\"154\" width=\"218\" \/>Presidente do Sindicato fez palestra a estudantes da Faculdade de Jussara em Goi\u00e1s. Institui\u00e7\u00e3o \u00e9 divulgadora da Campanha &#8220;Quanto Custa o Brasil pra Voc\u00ea&#8221;.<\/p>\n<p>\u201cAdvocacia P\u00fablica como Fun\u00e7\u00e3o Essencial \u00e0 Justi\u00e7a e concretizadora da Justi\u00e7a Fiscal\u201d foi o tema da palestra ministrada pelo presidente do SINPROFAZ, Allan Titonelli, na ter\u00e7a-feira, 16 de outubro.<\/p>\n<p>Na conversa com os acad\u00eamicos, Titonelli esclareceu o papel das carreiras que integram a Advocacia P\u00fablica Federal, destacando a atribui\u00e7\u00e3o de defender o patrim\u00f4nio da Na\u00e7\u00e3o. Falou tamb\u00e9m sobre o que \u00e9 necess\u00e1rio para garantir o fortalecimento da Advocacia P\u00fablica na busca de Justi\u00e7a Fiscal.<\/p>\n<p>A complexidade do sistema tribut\u00e1rio nacional foi outro foco da palestra. Titonelli apresentou aos estudantes as premissas e o embasamento constitucional do referido sistema. Comentou ainda sobre a alta carga tribut\u00e1ria no Brasil e as alternativas propostas pelo SINPROFAZ para que o pa\u00eds adote um sistema tribut\u00e1rio distribuidor de renda.<\/p>\n<div style=\"text-align: center;\">\n<p><img loading=\"lazy\" decoding=\"async\" style=\"margin-right: 5px; border: 1px solid #000000;\" alt=\"SINPROFAZ debate Advocacia P\u00fablica com acad\u00eamicos de Direito\" src=\"images\/noticias\/sinprofaz-debate-academicos-direito-16-10-2012\/sinprofaz-debate-academicos-direito-16-10-2012-foto-03.jpg\" height=\"113\" width=\"150\" \/><img loading=\"lazy\" decoding=\"async\" style=\"margin-right: 5px; border: 1px solid #000000;\" alt=\"SINPROFAZ debate Advocacia P\u00fablica com acad\u00eamicos de Direito\" src=\"images\/noticias\/sinprofaz-debate-academicos-direito-16-10-2012\/sinprofaz-debate-academicos-direito-16-10-2012-foto-06.jpg\" height=\"113\" width=\"150\" \/><img loading=\"lazy\" decoding=\"async\" style=\"border: 1px solid #000000;\" alt=\"SINPROFAZ debate Advocacia P\u00fablica com acad\u00eamicos de Direito\" src=\"images\/noticias\/sinprofaz-debate-academicos-direito-16-10-2012\/sinprofaz-debate-academicos-direito-16-10-2012-foto-04.jpg\" height=\"113\" width=\"150\" \/><\/p>\n<p><img loading=\"lazy\" decoding=\"async\" style=\"margin-right: 5px; border: 1px solid #000000;\" alt=\"SINPROFAZ debate Advocacia P\u00fablica com acad\u00eamicos de Direito\" src=\"images\/noticias\/sinprofaz-debate-academicos-direito-16-10-2012\/sinprofaz-debate-academicos-direito-16-10-2012-foto-05.jpg\" height=\"113\" width=\"150\" \/><img loading=\"lazy\" decoding=\"async\" style=\"border: 1px solid #000000;\" alt=\"SINPROFAZ debate Advocacia P\u00fablica com acad\u00eamicos de Direito\" src=\"images\/noticias\/sinprofaz-debate-academicos-direito-16-10-2012\/sinprofaz-debate-academicos-direito-16-10-2012-foto-01.jpg\" height=\"113\" width=\"150\" \/><\/p>\n<\/div>\n","protected":false},"excerpt":{"rendered":"<p>Presidente do Sindicato fez palestra a estudantes da Faculdade de Jussara em Goi\u00e1s. Institui\u00e7\u00e3o \u00e9 divulgadora da Campanha &#8220;Quanto Custa o Brasil pra Voc\u00ea&#8221;.<\/p>\n","protected":false},"author":1,"featured_media":0,"comment_status":"closed","ping_status":"open","sticky":false,"template":"","format":"standard","meta":{"footnotes":""},"categories":[8],"tags":[],"featured_image_url":"https:\/\/dummyimage.com\/720x400","character_count":518,"formatted_date":"19\/10\/2012 - 16:47","contentNovo":"\r\n<p>Presidente do Sindicato fez palestra a estudantes da Faculdade de Jussara em Goi\u00e1s. Institui\u00e7\u00e3o \u00e9 divulgadora da Campanha \"Quanto Custa o Brasil pra Voc\u00ea\".<\/p>\r\n<p>\u201cAdvocacia P\u00fablica como Fun\u00e7\u00e3o Essencial \u00e0 Justi\u00e7a e concretizadora da Justi\u00e7a Fiscal\u201d foi o tema da palestra ministrada pelo presidente do SINPROFAZ, Allan Titonelli, na ter\u00e7a-feira, 16 de outubro.<\/p>\r\n<p>Na conversa com os acad\u00eamicos, Titonelli esclareceu o papel das carreiras que integram a Advocacia P\u00fablica Federal, destacando a atribui\u00e7\u00e3o de defender o patrim\u00f4nio da Na\u00e7\u00e3o. Falou tamb\u00e9m sobre o que \u00e9 necess\u00e1rio para garantir o fortalecimento da Advocacia P\u00fablica na busca de Justi\u00e7a Fiscal.<\/p>\r\n<p>A complexidade do sistema tribut\u00e1rio nacional foi outro foco da palestra. Titonelli apresentou aos estudantes as premissas e o embasamento constitucional do referido sistema. Comentou ainda sobre a alta carga tribut\u00e1ria no Brasil e as alternativas propostas pelo SINPROFAZ para que o pa\u00eds adote um sistema tribut\u00e1rio distribuidor de renda.<\/p>\r\n\r\n<p><\/p>\r\n<p><\/p>\r\n","_links":{"self":[{"href":"https:\/\/sinprofaz.org.br\/2024\/wp-json\/wp\/v2\/posts\/1053"}],"collection":[{"href":"https:\/\/sinprofaz.org.br\/2024\/wp-json\/wp\/v2\/posts"}],"about":[{"href":"https:\/\/sinprofaz.org.br\/2024\/wp-json\/wp\/v2\/types\/post"}],"author":[{"embeddable":true,"href":"https:\/\/sinprofaz.org.br\/2024\/wp-json\/wp\/v2\/users\/1"}],"replies":[{"embeddable":true,"href":"https:\/\/sinprofaz.org.br\/2024\/wp-json\/wp\/v2\/comments?post=1053"}],"version-history":[{"count":0,"href":"https:\/\/sinprofaz.org.br\/2024\/wp-json\/wp\/v2\/posts\/1053\/revisions"}],"wp:attachment":[{"href":"https:\/\/sinprofaz.org.br\/2024\/wp-json\/wp\/v2\/media?parent=1053"}],"wp:term":[{"taxonomy":"category","embeddable":true,"href":"https:\/\/sinprofaz.org.br\/2024\/wp-json\/wp\/v2\/categories?post=1053"},{"taxonomy":"post_tag","embeddable":true,"href":"https:\/\/sinprofaz.org.br\/2024\/wp-json\/wp\/v2\/tags?post=1053"}],"curies":[{"name":"wp","href":"https:\/\/api.w.org\/{rel}","templated":true}]}}