{"id":10527,"date":"2019-10-10T12:12:58","date_gmt":"2019-10-10T15:12:58","guid":{"rendered":"http:\/\/www.sinprofaz.org.br\/?p=10527"},"modified":"2019-10-10T16:38:05","modified_gmt":"2019-10-10T19:38:05","slug":"em-audiencia-no-senado-diretor-do-sinprofaz-aborda-tema-da-injustica-fiscal","status":"publish","type":"post","link":"https:\/\/sinprofaz.org.br\/2024\/noticias\/em-audiencia-no-senado-diretor-do-sinprofaz-aborda-tema-da-injustica-fiscal\/","title":{"rendered":"EM AUDI\u00caNCIA NO SENADO, DIRETOR DO SINPROFAZ ABORDA TEMA DA INJUSTI\u00c7A FISCAL"},"content":{"rendered":"<p>O procurador da Fazenda Nacional Achilles Frias, diretor do SINPROFAZ, criticou as propostas de reforma tribut\u00e1ria que tramitam no Congresso Nacional. Em audi\u00eancia p\u00fablica do Senado na ter\u00e7a-feira (08), ele abordou aspectos relativos \u00e0 injusti\u00e7a fiscal contida no Sistema Tribut\u00e1rio Nacional.<\/p>\n<p>Segundo Frias, &#8220;A desigualdade social \u00e9 uma op\u00e7\u00e3o pol\u00edtica. No Brasil, ela \u00e9 uma op\u00e7\u00e3o hist\u00f3rica e que vem se aprofundando. O sistema foi projetado para gerar desigualdade fiscal e n\u00e3o h\u00e1 um movimento nessas PECs, infelizmente, para reverter essa situa\u00e7\u00e3o&#8221;, concluiu.<\/p>\n<p>Veja mais:\u00a0<a href=\"http:\/\/ow.ly\/VuTT50wHGQ5\">http:\/\/ow.ly\/VuTT50wHGQ5<\/a><\/p>\n","protected":false},"excerpt":{"rendered":"<p>O procurador da Fazenda Nacional Achilles Frias, diretor do SINPROFAZ, criticou as propostas de reforma tribut\u00e1ria que tramitam no Congresso. Em audi\u00eancia p\u00fablica do Senado nesta ter\u00e7a-feira (08), ele abordou aspectos relativos \u00e0 injusti\u00e7a fiscal.<\/p>\n","protected":false},"author":2,"featured_media":10530,"comment_status":"open","ping_status":"open","sticky":false,"template":"","format":"standard","meta":{"footnotes":""},"categories":[8],"tags":[128,53,25],"featured_image_url":"https:\/\/sinprofaz.org.br\/2024\/wp-content\/uploads\/2019\/10\/01-2.png","character_count":315,"formatted_date":"10\/10\/2019 - 12:12","contentNovo":"O procurador da Fazenda Nacional Achilles Frias, diretor do SINPROFAZ, criticou as propostas de reforma tribut\u00e1ria que tramitam no Congresso Nacional. Em audi\u00eancia p\u00fablica do Senado na ter\u00e7a-feira (08), ele abordou aspectos relativos \u00e0 injusti\u00e7a fiscal contida no Sistema Tribut\u00e1rio Nacional.\r\n\r\nSegundo Frias, \"A desigualdade social \u00e9 uma op\u00e7\u00e3o pol\u00edtica. No Brasil, ela \u00e9 uma op\u00e7\u00e3o hist\u00f3rica e que vem se aprofundando. O sistema foi projetado para gerar desigualdade fiscal e n\u00e3o h\u00e1 um movimento nessas PECs, infelizmente, para reverter essa situa\u00e7\u00e3o\", concluiu.\r\n\r\nVeja mais:\u00a0<a href=\"http:\/\/ow.ly\/VuTT50wHGQ5\">http:\/\/ow.ly\/VuTT50wHGQ5<\/a>","_links":{"self":[{"href":"https:\/\/sinprofaz.org.br\/2024\/wp-json\/wp\/v2\/posts\/10527"}],"collection":[{"href":"https:\/\/sinprofaz.org.br\/2024\/wp-json\/wp\/v2\/posts"}],"about":[{"href":"https:\/\/sinprofaz.org.br\/2024\/wp-json\/wp\/v2\/types\/post"}],"author":[{"embeddable":true,"href":"https:\/\/sinprofaz.org.br\/2024\/wp-json\/wp\/v2\/users\/2"}],"replies":[{"embeddable":true,"href":"https:\/\/sinprofaz.org.br\/2024\/wp-json\/wp\/v2\/comments?post=10527"}],"version-history":[{"count":2,"href":"https:\/\/sinprofaz.org.br\/2024\/wp-json\/wp\/v2\/posts\/10527\/revisions"}],"predecessor-version":[{"id":10538,"href":"https:\/\/sinprofaz.org.br\/2024\/wp-json\/wp\/v2\/posts\/10527\/revisions\/10538"}],"wp:featuredmedia":[{"embeddable":true,"href":"https:\/\/sinprofaz.org.br\/2024\/wp-json\/wp\/v2\/media\/10530"}],"wp:attachment":[{"href":"https:\/\/sinprofaz.org.br\/2024\/wp-json\/wp\/v2\/media?parent=10527"}],"wp:term":[{"taxonomy":"category","embeddable":true,"href":"https:\/\/sinprofaz.org.br\/2024\/wp-json\/wp\/v2\/categories?post=10527"},{"taxonomy":"post_tag","embeddable":true,"href":"https:\/\/sinprofaz.org.br\/2024\/wp-json\/wp\/v2\/tags?post=10527"}],"curies":[{"name":"wp","href":"https:\/\/api.w.org\/{rel}","templated":true}]}}