{"id":10505,"date":"2019-10-09T09:34:53","date_gmt":"2019-10-09T12:34:53","guid":{"rendered":"http:\/\/www.sinprofaz.org.br\/?p=10505"},"modified":"2019-10-11T15:59:51","modified_gmt":"2019-10-11T18:59:51","slug":"membros-do-sinprofaz-debatem-reforma-tributaria-em-audiencia-no-senado","status":"publish","type":"post","link":"https:\/\/sinprofaz.org.br\/2024\/noticias\/membros-do-sinprofaz-debatem-reforma-tributaria-em-audiencia-no-senado\/","title":{"rendered":"MEMBROS DO SINPROFAZ DEBATEM REFORMA TRIBUT\u00c1RIA EM AUDI\u00caNCIA NO SENADO"},"content":{"rendered":"<p>O SINPROFAZ participou em peso de audi\u00eancia p\u00fablica promovida ontem (8) pela Comiss\u00e3o de Direitos Humanos (CDH) do Senado Federal para discuss\u00e3o a respeito da Reforma Tribut\u00e1ria. Presididos pelo senador Paulo Paim (PT-RS), os debatedores expuseram aspectos das propostas de emenda \u00e0 Constitui\u00e7\u00e3o atualmente em an\u00e1lise no Parlamento e que visam \u00e0 altera\u00e7\u00e3o do Sistema Tribut\u00e1rio Nacional. Profundamente conhecedores dos textos, os expositores conclu\u00edram de forma un\u00e2nime: nenhuma das PECs resolve a desigualdade fiscal e social que vigora no pa\u00eds.<\/p>\n<p>O presidente do SINPROFAZ foi um dos convidados para a reuni\u00e3o e o respons\u00e1vel por <strong><a href=\"https:\/\/www.youtube.com\/watch?v=BZXaYBwmEzs\">abrir os debates<\/a> <\/strong>da audi\u00eancia. Segundo Ernane Brito, as propostas de Reforma Tribut\u00e1ria em discuss\u00e3o infelizmente passam longe do verdadeiro problema do Sistema Tribut\u00e1rio Nacional. &#8220;Nossa Constitui\u00e7\u00e3o trouxe o tributo com dois vieses: o fiscal e o extrafiscal. O que estamos vendo \u00e9 o debate apenas sobre o vi\u00e9s fiscal, de simplifica\u00e7\u00e3o para as empresas, de reuni\u00e3o de tributos. Essa janela de oportunidade seria \u00fatil, no entanto, \u00e0 resolu\u00e7\u00e3o do problema maior no pa\u00eds, que \u00e9 o da tributa\u00e7\u00e3o regressiva, indireta&#8221;, explicou o presidente do Sindicato.<\/p>\n<p>Achilles Frias tamb\u00e9m representou a Diretoria do SINPROFAZ na ocasi\u00e3o da audi\u00eancia. Em sua fala, ele citou o economista franc\u00eas Thomas Piketty, autor de \u201cO Capital no S\u00e9culo XXI\u201d. De acordo com o diretor do SINPROFAZ, Piketty acaba de lan\u00e7ar uma nova obra na qual afirma que a desigualdade social \u00e9, na realidade, uma op\u00e7\u00e3o pol\u00edtica. &#8220;Essa \u00e9 a quest\u00e3o que temos colocado h\u00e1 tempo: no Brasil, a op\u00e7\u00e3o pol\u00edtica pela desigualdade se revela por meio da tributa\u00e7\u00e3o. Considerando o imposto de renda, por exemplo: quem ganha em torno de R$ 5 mil paga a al\u00edquota m\u00e1xima, isto \u00e9, o mesmo que aquele que ganha milh\u00f5es de reais por m\u00eas. Essa regressividade do imposto de renda \u00e9 causa de grande injusti\u00e7a fiscal.&#8221;<\/p>\n<p>Em exposi\u00e7\u00e3o, o diretor de Assuntos Profissionais e Estudos T\u00e9cnicos do SINPROFAZ, S\u00e9rgio Carneiro, lembrou que, quando a Constitui\u00e7\u00e3o n\u00e3o falava em progressividade do imposto de renda, tal imposto, por incr\u00edvel que pare\u00e7a, era mais justo e mais progressivo que o modelo atual. &#8220;As al\u00edquotas variavam de 5% a 55%, mas com uma diferen\u00e7a fundamental: elas incidiam sobre a renda l\u00edquida. Era poss\u00edvel abater praticamente tudo o que se gastava. Hoje, as al\u00edquotas incidem sobre os rendimentos, sendo permitidos apenas alguns abatimentos. Essa quest\u00e3o do imposto de renda seria uma forma efetiva de se trazer mais justi\u00e7a ao Sistema Tribut\u00e1rio Nacional. Ela s\u00f3 depende da vontade pol\u00edtica.&#8221;<\/p>\n<p>Premiado no Concurso de Monografias do SINPROFAZ com o trabalho \u201cUma ideia de Justi\u00e7a Fiscal\u201d, Jos\u00e9 Leite tamb\u00e9m participou como debatedor da audi\u00eancia. Em sua fala, o delegado sindical do SINPROFAZ afirmou que, para ser realmente justa, a Reforma Tribut\u00e1ria deveria levar em conta quatro aspectos principais: &#8220;A Reforma deve proporcionar um Sistema Tribut\u00e1rio simples para o contribuinte, neutro para os agentes econ\u00f4micos, transparente para os cidad\u00e3os e equ\u00e2nime. \u00c9 na equidade que se insere a ideia de justi\u00e7a fiscal propriamente dita. N\u00e3o faz sentido, por exemplo, que lucros e dividendos n\u00e3o se submetam \u00e0 mesma al\u00edquota de imposto de renda que o sal\u00e1rio de um trabalhador&#8221;.<\/p>\n<p>Tamb\u00e9m compuseram a mesa de debatedores a procuradora da Fazenda Nacional e professora da Universidade Federal do Cear\u00e1 (UFC), Denise Lucena; o advogado, professor da Universidade Estadual do Rio de Janeiro (UERJ) e presidente da Banca Examinadora do 4\u00ba Concurso de Monografias do SINPROFAZ, Adilson Pires; o presidente do Instituto Brasileiro de \u00c9tica Concorrencial (ETCO), Edson Vismona; e o professor do Departamento de Direito Econ\u00f4mico, Financeiro e Tribut\u00e1rio da Faculdade de Direito da Universidade de S\u00e3o Paulo (USP) Jos\u00e9 Maria Arruda.<\/p>\n\n\t\t<style type=\"text\/css\">\n\t\t\t#gallery-1 {\n\t\t\t\tmargin: auto;\n\t\t\t}\n\t\t\t#gallery-1 .gallery-item {\n\t\t\t\tfloat: left;\n\t\t\t\tmargin-top: 10px;\n\t\t\t\ttext-align: center;\n\t\t\t\twidth: 33%;\n\t\t\t}\n\t\t\t#gallery-1 img {\n\t\t\t\tborder: 2px solid #cfcfcf;\n\t\t\t}\n\t\t\t#gallery-1 .gallery-caption {\n\t\t\t\tmargin-left: 0;\n\t\t\t}\n\t\t\t\/* see gallery_shortcode() in wp-includes\/media.php *\/\n\t\t<\/style>\n\t\t<div id='gallery-1' class='gallery galleryid-10505 gallery-columns-3 gallery-size-thumbnail'><dl class='gallery-item'>\n\t\t\t<dt class='gallery-icon landscape'>\n\t\t\t\t<a href='https:\/\/sinprofaz.org.br\/2024\/wp-content\/uploads\/2019\/10\/02-1.jpg'><img loading=\"lazy\" decoding=\"async\" width=\"150\" height=\"150\" src=\"https:\/\/sinprofaz.org.br\/2024\/wp-content\/uploads\/2019\/10\/02-1-150x150.jpg\" class=\"attachment-thumbnail size-thumbnail\" alt=\"\" \/><\/a>\n\t\t\t<\/dt><\/dl><dl class='gallery-item'>\n\t\t\t<dt class='gallery-icon landscape'>\n\t\t\t\t<a href='https:\/\/sinprofaz.org.br\/2024\/wp-content\/uploads\/2019\/10\/03-1.jpg'><img loading=\"lazy\" decoding=\"async\" width=\"150\" height=\"150\" src=\"https:\/\/sinprofaz.org.br\/2024\/wp-content\/uploads\/2019\/10\/03-1-150x150.jpg\" class=\"attachment-thumbnail size-thumbnail\" alt=\"\" \/><\/a>\n\t\t\t<\/dt><\/dl><dl class='gallery-item'>\n\t\t\t<dt class='gallery-icon landscape'>\n\t\t\t\t<a href='https:\/\/sinprofaz.org.br\/2024\/wp-content\/uploads\/2019\/10\/04.jpg'><img loading=\"lazy\" decoding=\"async\" width=\"150\" height=\"150\" src=\"https:\/\/sinprofaz.org.br\/2024\/wp-content\/uploads\/2019\/10\/04-150x150.jpg\" class=\"attachment-thumbnail size-thumbnail\" alt=\"\" \/><\/a>\n\t\t\t<\/dt><\/dl><br style=\"clear: both\" \/><dl class='gallery-item'>\n\t\t\t<dt class='gallery-icon landscape'>\n\t\t\t\t<a href='https:\/\/sinprofaz.org.br\/2024\/wp-content\/uploads\/2019\/10\/05.jpg'><img loading=\"lazy\" decoding=\"async\" width=\"150\" height=\"150\" src=\"https:\/\/sinprofaz.org.br\/2024\/wp-content\/uploads\/2019\/10\/05-150x150.jpg\" class=\"attachment-thumbnail size-thumbnail\" alt=\"\" \/><\/a>\n\t\t\t<\/dt><\/dl><dl class='gallery-item'>\n\t\t\t<dt class='gallery-icon landscape'>\n\t\t\t\t<a href='https:\/\/sinprofaz.org.br\/2024\/wp-content\/uploads\/2019\/10\/06.jpg'><img loading=\"lazy\" decoding=\"async\" width=\"150\" height=\"150\" src=\"https:\/\/sinprofaz.org.br\/2024\/wp-content\/uploads\/2019\/10\/06-150x150.jpg\" class=\"attachment-thumbnail size-thumbnail\" alt=\"\" \/><\/a>\n\t\t\t<\/dt><\/dl><dl class='gallery-item'>\n\t\t\t<dt class='gallery-icon landscape'>\n\t\t\t\t<a href='https:\/\/sinprofaz.org.br\/2024\/wp-content\/uploads\/2019\/10\/07.jpg'><img loading=\"lazy\" decoding=\"async\" width=\"150\" height=\"150\" src=\"https:\/\/sinprofaz.org.br\/2024\/wp-content\/uploads\/2019\/10\/07-150x150.jpg\" class=\"attachment-thumbnail size-thumbnail\" alt=\"\" \/><\/a>\n\t\t\t<\/dt><\/dl><br style=\"clear: both\" \/><dl class='gallery-item'>\n\t\t\t<dt class='gallery-icon landscape'>\n\t\t\t\t<a href='https:\/\/sinprofaz.org.br\/2024\/wp-content\/uploads\/2019\/10\/08.jpg'><img loading=\"lazy\" decoding=\"async\" width=\"150\" height=\"150\" src=\"https:\/\/sinprofaz.org.br\/2024\/wp-content\/uploads\/2019\/10\/08-150x150.jpg\" class=\"attachment-thumbnail size-thumbnail\" alt=\"\" \/><\/a>\n\t\t\t<\/dt><\/dl><dl class='gallery-item'>\n\t\t\t<dt class='gallery-icon landscape'>\n\t\t\t\t<a href='https:\/\/sinprofaz.org.br\/2024\/wp-content\/uploads\/2019\/10\/09.jpg'><img loading=\"lazy\" decoding=\"async\" width=\"150\" height=\"150\" src=\"https:\/\/sinprofaz.org.br\/2024\/wp-content\/uploads\/2019\/10\/09-150x150.jpg\" class=\"attachment-thumbnail size-thumbnail\" alt=\"\" \/><\/a>\n\t\t\t<\/dt><\/dl><dl class='gallery-item'>\n\t\t\t<dt class='gallery-icon landscape'>\n\t\t\t\t<a href='https:\/\/sinprofaz.org.br\/2024\/wp-content\/uploads\/2019\/10\/10.jpg'><img loading=\"lazy\" decoding=\"async\" width=\"150\" height=\"150\" src=\"https:\/\/sinprofaz.org.br\/2024\/wp-content\/uploads\/2019\/10\/10-150x150.jpg\" class=\"attachment-thumbnail size-thumbnail\" alt=\"\" \/><\/a>\n\t\t\t<\/dt><\/dl><br style=\"clear: both\" \/>\n\t\t<\/div>\n\n","protected":false},"excerpt":{"rendered":"<p>O SINPROFAZ participou de audi\u00eancia p\u00fablica promovida ontem (8) no Senado Federal para discuss\u00e3o a respeito da Reforma Tribut\u00e1ria. Presididos por Paulo Paim (PT-RS), os debatedores expuseram aspectos das PECs que visam alterar o Sistema Tribut\u00e1rio.<\/p>\n","protected":false},"author":2,"featured_media":10506,"comment_status":"open","ping_status":"open","sticky":false,"template":"","format":"standard","meta":{"footnotes":""},"categories":[8],"tags":[128,53,25],"featured_image_url":"https:\/\/sinprofaz.org.br\/2024\/wp-content\/uploads\/2019\/10\/01-4.jpg","character_count":2207,"formatted_date":"09\/10\/2019 - 09:34","contentNovo":"O SINPROFAZ participou em peso de audi\u00eancia p\u00fablica promovida ontem (8) pela Comiss\u00e3o de Direitos Humanos (CDH) do Senado Federal para discuss\u00e3o a respeito da Reforma Tribut\u00e1ria. Presididos pelo senador Paulo Paim (PT-RS), os debatedores expuseram aspectos das propostas de emenda \u00e0 Constitui\u00e7\u00e3o atualmente em an\u00e1lise no Parlamento e que visam \u00e0 altera\u00e7\u00e3o do Sistema Tribut\u00e1rio Nacional. Profundamente conhecedores dos textos, os expositores conclu\u00edram de forma un\u00e2nime: nenhuma das PECs resolve a desigualdade fiscal e social que vigora no pa\u00eds.\r\n\r\nO presidente do SINPROFAZ foi um dos convidados para a reuni\u00e3o e o respons\u00e1vel por <strong><a href=\"https:\/\/www.youtube.com\/watch?v=BZXaYBwmEzs\">abrir os debates<\/a> <\/strong>da audi\u00eancia. Segundo Ernane Brito, as propostas de Reforma Tribut\u00e1ria em discuss\u00e3o infelizmente passam longe do verdadeiro problema do Sistema Tribut\u00e1rio Nacional. \"Nossa Constitui\u00e7\u00e3o trouxe o tributo com dois vieses: o fiscal e o extrafiscal. O que estamos vendo \u00e9 o debate apenas sobre o vi\u00e9s fiscal, de simplifica\u00e7\u00e3o para as empresas, de reuni\u00e3o de tributos. Essa janela de oportunidade seria \u00fatil, no entanto, \u00e0 resolu\u00e7\u00e3o do problema maior no pa\u00eds, que \u00e9 o da tributa\u00e7\u00e3o regressiva, indireta\", explicou o presidente do Sindicato.\r\n\r\nAchilles Frias tamb\u00e9m representou a Diretoria do SINPROFAZ na ocasi\u00e3o da audi\u00eancia. Em sua fala, ele citou o economista franc\u00eas Thomas Piketty, autor de \u201cO Capital no S\u00e9culo XXI\u201d. De acordo com o diretor do SINPROFAZ, Piketty acaba de lan\u00e7ar uma nova obra na qual afirma que a desigualdade social \u00e9, na realidade, uma op\u00e7\u00e3o pol\u00edtica. \"Essa \u00e9 a quest\u00e3o que temos colocado h\u00e1 tempo: no Brasil, a op\u00e7\u00e3o pol\u00edtica pela desigualdade se revela por meio da tributa\u00e7\u00e3o. Considerando o imposto de renda, por exemplo: quem ganha em torno de R$ 5 mil paga a al\u00edquota m\u00e1xima, isto \u00e9, o mesmo que aquele que ganha milh\u00f5es de reais por m\u00eas. Essa regressividade do imposto de renda \u00e9 causa de grande injusti\u00e7a fiscal.\"\r\n\r\nEm exposi\u00e7\u00e3o, o diretor de Assuntos Profissionais e Estudos T\u00e9cnicos do SINPROFAZ, S\u00e9rgio Carneiro, lembrou que, quando a Constitui\u00e7\u00e3o n\u00e3o falava em progressividade do imposto de renda, tal imposto, por incr\u00edvel que pare\u00e7a, era mais justo e mais progressivo que o modelo atual. \"As al\u00edquotas variavam de 5% a 55%, mas com uma diferen\u00e7a fundamental: elas incidiam sobre a renda l\u00edquida. Era poss\u00edvel abater praticamente tudo o que se gastava. Hoje, as al\u00edquotas incidem sobre os rendimentos, sendo permitidos apenas alguns abatimentos. Essa quest\u00e3o do imposto de renda seria uma forma efetiva de se trazer mais justi\u00e7a ao Sistema Tribut\u00e1rio Nacional. Ela s\u00f3 depende da vontade pol\u00edtica.\"\r\n\r\nPremiado no Concurso de Monografias do SINPROFAZ com o trabalho \u201cUma ideia de Justi\u00e7a Fiscal\u201d, Jos\u00e9 Leite tamb\u00e9m participou como debatedor da audi\u00eancia. Em sua fala, o delegado sindical do SINPROFAZ afirmou que, para ser realmente justa, a Reforma Tribut\u00e1ria deveria levar em conta quatro aspectos principais: \"A Reforma deve proporcionar um Sistema Tribut\u00e1rio simples para o contribuinte, neutro para os agentes econ\u00f4micos, transparente para os cidad\u00e3os e equ\u00e2nime. \u00c9 na equidade que se insere a ideia de justi\u00e7a fiscal propriamente dita. N\u00e3o faz sentido, por exemplo, que lucros e dividendos n\u00e3o se submetam \u00e0 mesma al\u00edquota de imposto de renda que o sal\u00e1rio de um trabalhador\".\r\n\r\nTamb\u00e9m compuseram a mesa de debatedores a procuradora da Fazenda Nacional e professora da Universidade Federal do Cear\u00e1 (UFC), Denise Lucena; o advogado, professor da Universidade Estadual do Rio de Janeiro (UERJ) e presidente da Banca Examinadora do 4\u00ba Concurso de Monografias do SINPROFAZ, Adilson Pires; o presidente do Instituto Brasileiro de \u00c9tica Concorrencial (ETCO), Edson Vismona; e o professor do Departamento de Direito Econ\u00f4mico, Financeiro e Tribut\u00e1rio da Faculdade de Direito da Universidade de S\u00e3o Paulo (USP) Jos\u00e9 Maria Arruda.\r\n\r\n[gallery link=\"file\" ids=\"10513,10514,10515,10516,10507,10508,10509,10510,10511\"]","_links":{"self":[{"href":"https:\/\/sinprofaz.org.br\/2024\/wp-json\/wp\/v2\/posts\/10505"}],"collection":[{"href":"https:\/\/sinprofaz.org.br\/2024\/wp-json\/wp\/v2\/posts"}],"about":[{"href":"https:\/\/sinprofaz.org.br\/2024\/wp-json\/wp\/v2\/types\/post"}],"author":[{"embeddable":true,"href":"https:\/\/sinprofaz.org.br\/2024\/wp-json\/wp\/v2\/users\/2"}],"replies":[{"embeddable":true,"href":"https:\/\/sinprofaz.org.br\/2024\/wp-json\/wp\/v2\/comments?post=10505"}],"version-history":[{"count":8,"href":"https:\/\/sinprofaz.org.br\/2024\/wp-json\/wp\/v2\/posts\/10505\/revisions"}],"predecessor-version":[{"id":10562,"href":"https:\/\/sinprofaz.org.br\/2024\/wp-json\/wp\/v2\/posts\/10505\/revisions\/10562"}],"wp:featuredmedia":[{"embeddable":true,"href":"https:\/\/sinprofaz.org.br\/2024\/wp-json\/wp\/v2\/media\/10506"}],"wp:attachment":[{"href":"https:\/\/sinprofaz.org.br\/2024\/wp-json\/wp\/v2\/media?parent=10505"}],"wp:term":[{"taxonomy":"category","embeddable":true,"href":"https:\/\/sinprofaz.org.br\/2024\/wp-json\/wp\/v2\/categories?post=10505"},{"taxonomy":"post_tag","embeddable":true,"href":"https:\/\/sinprofaz.org.br\/2024\/wp-json\/wp\/v2\/tags?post=10505"}],"curies":[{"name":"wp","href":"https:\/\/api.w.org\/{rel}","templated":true}]}}