{"id":10482,"date":"2019-10-04T09:00:50","date_gmt":"2019-10-04T12:00:50","guid":{"rendered":"http:\/\/www.sinprofaz.org.br\/?p=10482"},"modified":"2019-10-07T09:32:49","modified_gmt":"2019-10-07T12:32:49","slug":"nota-do-sinprofaz-8","status":"publish","type":"post","link":"https:\/\/sinprofaz.org.br\/2024\/noticias\/nota-do-sinprofaz-8\/","title":{"rendered":"NOTA DO SINPROFAZ"},"content":{"rendered":"<p>O SINPROFAZ &#8211; Sindicato Nacional dos Procuradores da Fazenda Nacional &#8211; lamenta profundamente o epis\u00f3dio ocorrido nesta quinta-feira (3), envolvendo o Colega Matheus Carneiro Assun\u00e7\u00e3o, com a pr\u00e1tica de ato direcionado \u00e0 magistrada Louise Filgueiras.<\/p>\n<p>Tal fato surpreende a todos da Carreira e, principalmente, \u00e0queles mais pr\u00f3ximos de Matheus, um profissional dedicado, admirado pelos pares, ingresso na PGFN desde 2008, Mestre e Doutor pela USP, e a quem amigos e colegas de trabalho reiteram estima.<\/p>\n<p>Manifestamos todo o apoio e solidariedade \u00e0 magistrada e \u00e0 sua fam\u00edlia neste momento traum\u00e1tico, ainda mais porque o relacionamento institucional entre Procuradores da Fazenda Nacional e magistrados (assim como demais Fun\u00e7\u00f5es Essenciais \u00e0 Justi\u00e7a) se pauta pela civilidade e respeito rec\u00edprocos.<\/p>\n<p>Diante de tal fato, esperamos cautela no aprofundamento das investiga\u00e7\u00f5es, a fim de esclarecer devidamente as circunst\u00e2ncias do ocorrido e as condi\u00e7\u00f5es pessoais do Procurador Matheus no momento do epis\u00f3dio, conferindo-se a ele o pleno direito ao contradit\u00f3rio e \u00e0 ampla defesa, inclusive em \u00e2mbito administrativo, at\u00e9 porque aparentava, visivelmente, se encontrar em estado de surto psic\u00f3tico no momento do ato.<\/p>\n","protected":false},"excerpt":{"rendered":"<p>O SINPROFAZ \u2013 Sindicato Nacional dos Procuradores da Fazenda Nacional \u2013 lamenta profundamente o epis\u00f3dio ocorrido nesta quinta-feira (3), envolvendo o Colega Matheus Carneiro Assun\u00e7\u00e3o, com a pr\u00e1tica de ato direcionado \u00e0 magistrada Louise Filgueiras. Tal fato surpreende a todos da Carreira e, principalmente, \u00e0queles mais pr\u00f3ximos de Matheus.<\/p>\n","protected":false},"author":2,"featured_media":9523,"comment_status":"open","ping_status":"open","sticky":false,"template":"","format":"standard","meta":{"footnotes":""},"categories":[8],"tags":[32,45,146,25],"featured_image_url":"https:\/\/sinprofaz.org.br\/2024\/wp-content\/uploads\/2019\/04\/002.png","character_count":624,"formatted_date":"04\/10\/2019 - 09:00","contentNovo":"O SINPROFAZ - Sindicato Nacional dos Procuradores da Fazenda Nacional - lamenta profundamente o epis\u00f3dio ocorrido nesta quinta-feira (3), envolvendo o Colega Matheus Carneiro Assun\u00e7\u00e3o, com a pr\u00e1tica de ato direcionado \u00e0 magistrada Louise Filgueiras.\r\n\r\nTal fato surpreende a todos da Carreira e, principalmente, \u00e0queles mais pr\u00f3ximos de Matheus, um profissional dedicado, admirado pelos pares, ingresso na PGFN desde 2008, Mestre e Doutor pela USP, e a quem amigos e colegas de trabalho reiteram estima.\r\n\r\nManifestamos todo o apoio e solidariedade \u00e0 magistrada e \u00e0 sua fam\u00edlia neste momento traum\u00e1tico, ainda mais porque o relacionamento institucional entre Procuradores da Fazenda Nacional e magistrados (assim como demais Fun\u00e7\u00f5es Essenciais \u00e0 Justi\u00e7a) se pauta pela civilidade e respeito rec\u00edprocos.\r\n\r\nDiante de tal fato, esperamos cautela no aprofundamento das investiga\u00e7\u00f5es, a fim de esclarecer devidamente as circunst\u00e2ncias do ocorrido e as condi\u00e7\u00f5es pessoais do Procurador Matheus no momento do epis\u00f3dio, conferindo-se a ele o pleno direito ao contradit\u00f3rio e \u00e0 ampla defesa, inclusive em \u00e2mbito administrativo, at\u00e9 porque aparentava, visivelmente, se encontrar em estado de surto psic\u00f3tico no momento do ato.","_links":{"self":[{"href":"https:\/\/sinprofaz.org.br\/2024\/wp-json\/wp\/v2\/posts\/10482"}],"collection":[{"href":"https:\/\/sinprofaz.org.br\/2024\/wp-json\/wp\/v2\/posts"}],"about":[{"href":"https:\/\/sinprofaz.org.br\/2024\/wp-json\/wp\/v2\/types\/post"}],"author":[{"embeddable":true,"href":"https:\/\/sinprofaz.org.br\/2024\/wp-json\/wp\/v2\/users\/2"}],"replies":[{"embeddable":true,"href":"https:\/\/sinprofaz.org.br\/2024\/wp-json\/wp\/v2\/comments?post=10482"}],"version-history":[{"count":3,"href":"https:\/\/sinprofaz.org.br\/2024\/wp-json\/wp\/v2\/posts\/10482\/revisions"}],"predecessor-version":[{"id":10494,"href":"https:\/\/sinprofaz.org.br\/2024\/wp-json\/wp\/v2\/posts\/10482\/revisions\/10494"}],"wp:featuredmedia":[{"embeddable":true,"href":"https:\/\/sinprofaz.org.br\/2024\/wp-json\/wp\/v2\/media\/9523"}],"wp:attachment":[{"href":"https:\/\/sinprofaz.org.br\/2024\/wp-json\/wp\/v2\/media?parent=10482"}],"wp:term":[{"taxonomy":"category","embeddable":true,"href":"https:\/\/sinprofaz.org.br\/2024\/wp-json\/wp\/v2\/categories?post=10482"},{"taxonomy":"post_tag","embeddable":true,"href":"https:\/\/sinprofaz.org.br\/2024\/wp-json\/wp\/v2\/tags?post=10482"}],"curies":[{"name":"wp","href":"https:\/\/api.w.org\/{rel}","templated":true}]}}