{"id":10438,"date":"2019-09-26T10:08:03","date_gmt":"2019-09-26T13:08:03","guid":{"rendered":"http:\/\/www.sinprofaz.org.br\/?p=10438"},"modified":"2019-09-27T10:07:54","modified_gmt":"2019-09-27T13:07:54","slug":"sinprofaz-participa-de-congresso-nacional-dos-procuradores-dos-estados-e-do-df","status":"publish","type":"post","link":"https:\/\/sinprofaz.org.br\/2024\/noticias\/sinprofaz-participa-de-congresso-nacional-dos-procuradores-dos-estados-e-do-df\/","title":{"rendered":"SINPROFAZ PARTICIPA DE CONGRESSO NACIONAL DOS PROCURADORES DOS ESTADOS E DO DF"},"content":{"rendered":"<p>O SINPROFAZ, representado pelo presidente Ernane Brito e pelos diretores Achilles Frias e Giuliano Menezes, esteve em Fortaleza\/CE para o Congresso Nacional dos Procuradores dos Estados e do Distrito Federal. Realizado anualmente desde 1969, o evento \u00e9 um dos mais tradicionais da \u00e1rea jur\u00eddica no pa\u00eds. A 45\u00aa edi\u00e7\u00e3o do Congresso \u00e9 promovida pela Associa\u00e7\u00e3o dos Procuradores do Estado do Cear\u00e1 &#8211; APECE com o apoio da ANAPE e tem por tema \u201cDireito e Tecnologia: as novas pr\u00e1ticas da Advocacia P\u00fablica na era digital\u201d.<\/p>\n<p>Entre os palestrantes do Congresso est\u00e3o o PFN Daniel Saboia, assessor especial do ministro da Justi\u00e7a e Seguran\u00e7a P\u00fablica; os ministros do Superior Tribunal de Justi\u00e7a Jo\u00e3o Ot\u00e1vio de Noronha e Raul Ara\u00fajo; o procurador do Estado de Goi\u00e1s e presidente da Comiss\u00e3o Nacional de Advocacia P\u00fablica do CFOAB, Marcello Terto; o procurador do Estado do Rio de Janeiro e advogado do SINPROFAZ, Gustavo Binenbojm, entre outros importantes nomes do cen\u00e1rio jur\u00eddico brasileiro.<\/p>\n<p>O Congresso Nacional dos Procuradores dos Estados e do DF visa \u00e0 promo\u00e7\u00e3o de boas pr\u00e1ticas e \u00e0 troca de experi\u00eancias sobre o exerc\u00edcio da Advocacia P\u00fablica. Ao longo de quatro dias, o evento possibilita debates e proposi\u00e7\u00e3o de solu\u00e7\u00f5es pr\u00e1ticas, al\u00e9m de discuss\u00f5es sobre quest\u00f5es pol\u00edticas pertinentes \u00e0 \u00e1rea jur\u00eddica. Entre autoridades, juristas, membros das carreiras da Advocacia P\u00fablica e demais operadores do Direito, o Congresso re\u00fane um p\u00fablico de quase mil pessoas vindas de todo o Brasil.<\/p>\n","protected":false},"excerpt":{"rendered":"<p>O SINPROFAZ esteve em Fortaleza\/CE para o Congresso Nacional dos Procuradores dos Estados e do DF. A 45\u00aa edi\u00e7\u00e3o do evento \u00e9 promovida pela APECE e tem por tema \u201cDireito e Tecnologia: as novas pr\u00e1ticas da Advocacia P\u00fablica na era digital\u201d.<\/p>\n","protected":false},"author":2,"featured_media":10439,"comment_status":"open","ping_status":"open","sticky":false,"template":"","format":"standard","meta":{"footnotes":""},"categories":[8],"tags":[34,29,25],"featured_image_url":"https:\/\/sinprofaz.org.br\/2024\/wp-content\/uploads\/2019\/09\/01-4.png","character_count":771,"formatted_date":"26\/09\/2019 - 10:08","contentNovo":"O SINPROFAZ, representado pelo presidente Ernane Brito e pelos diretores Achilles Frias e Giuliano Menezes, esteve em Fortaleza\/CE para o Congresso Nacional dos Procuradores dos Estados e do Distrito Federal. Realizado anualmente desde 1969, o evento \u00e9 um dos mais tradicionais da \u00e1rea jur\u00eddica no pa\u00eds. A 45\u00aa edi\u00e7\u00e3o do Congresso \u00e9 promovida pela Associa\u00e7\u00e3o dos Procuradores do Estado do Cear\u00e1 - APECE com o apoio da ANAPE e tem por tema \u201cDireito e Tecnologia: as novas pr\u00e1ticas da Advocacia P\u00fablica na era digital\u201d.\r\n\r\nEntre os palestrantes do Congresso est\u00e3o o PFN Daniel Saboia, assessor especial do ministro da Justi\u00e7a e Seguran\u00e7a P\u00fablica; os ministros do Superior Tribunal de Justi\u00e7a Jo\u00e3o Ot\u00e1vio de Noronha e Raul Ara\u00fajo; o procurador do Estado de Goi\u00e1s e presidente da Comiss\u00e3o Nacional de Advocacia P\u00fablica do CFOAB, Marcello Terto; o procurador do Estado do Rio de Janeiro e advogado do SINPROFAZ, Gustavo Binenbojm, entre outros importantes nomes do cen\u00e1rio jur\u00eddico brasileiro.\r\n\r\nO Congresso Nacional dos Procuradores dos Estados e do DF visa \u00e0 promo\u00e7\u00e3o de boas pr\u00e1ticas e \u00e0 troca de experi\u00eancias sobre o exerc\u00edcio da Advocacia P\u00fablica. Ao longo de quatro dias, o evento possibilita debates e proposi\u00e7\u00e3o de solu\u00e7\u00f5es pr\u00e1ticas, al\u00e9m de discuss\u00f5es sobre quest\u00f5es pol\u00edticas pertinentes \u00e0 \u00e1rea jur\u00eddica. Entre autoridades, juristas, membros das carreiras da Advocacia P\u00fablica e demais operadores do Direito, o Congresso re\u00fane um p\u00fablico de quase mil pessoas vindas de todo o Brasil.","_links":{"self":[{"href":"https:\/\/sinprofaz.org.br\/2024\/wp-json\/wp\/v2\/posts\/10438"}],"collection":[{"href":"https:\/\/sinprofaz.org.br\/2024\/wp-json\/wp\/v2\/posts"}],"about":[{"href":"https:\/\/sinprofaz.org.br\/2024\/wp-json\/wp\/v2\/types\/post"}],"author":[{"embeddable":true,"href":"https:\/\/sinprofaz.org.br\/2024\/wp-json\/wp\/v2\/users\/2"}],"replies":[{"embeddable":true,"href":"https:\/\/sinprofaz.org.br\/2024\/wp-json\/wp\/v2\/comments?post=10438"}],"version-history":[{"count":2,"href":"https:\/\/sinprofaz.org.br\/2024\/wp-json\/wp\/v2\/posts\/10438\/revisions"}],"predecessor-version":[{"id":10451,"href":"https:\/\/sinprofaz.org.br\/2024\/wp-json\/wp\/v2\/posts\/10438\/revisions\/10451"}],"wp:featuredmedia":[{"embeddable":true,"href":"https:\/\/sinprofaz.org.br\/2024\/wp-json\/wp\/v2\/media\/10439"}],"wp:attachment":[{"href":"https:\/\/sinprofaz.org.br\/2024\/wp-json\/wp\/v2\/media?parent=10438"}],"wp:term":[{"taxonomy":"category","embeddable":true,"href":"https:\/\/sinprofaz.org.br\/2024\/wp-json\/wp\/v2\/categories?post=10438"},{"taxonomy":"post_tag","embeddable":true,"href":"https:\/\/sinprofaz.org.br\/2024\/wp-json\/wp\/v2\/tags?post=10438"}],"curies":[{"name":"wp","href":"https:\/\/api.w.org\/{rel}","templated":true}]}}