{"id":10429,"date":"2019-09-25T11:26:31","date_gmt":"2019-09-25T14:26:31","guid":{"rendered":"http:\/\/www.sinprofaz.org.br\/?p=10429"},"modified":"2019-09-26T10:19:51","modified_gmt":"2019-09-26T13:19:51","slug":"dirigentes-do-sinprofaz-visitam-colegas-lotados-na-pfn-do-ceara","status":"publish","type":"post","link":"https:\/\/sinprofaz.org.br\/2024\/noticias\/dirigentes-do-sinprofaz-visitam-colegas-lotados-na-pfn-do-ceara\/","title":{"rendered":"DIRIGENTES DO SINPROFAZ VISITAM COLEGAS LOTADOS NA PFN DO CEAR\u00c1"},"content":{"rendered":"<p>O SINPROFAZ, representado pelo presidente Ernane Brito e pelos diretores Achilles Frias e Giuliano Menezes, esteve ontem (24) em Fortaleza\/CE para encontro com os Colegas da Procuradoria da Fazenda Nacional do Estado. A reuni\u00e3o contou com a presen\u00e7a dos delegados sindicais Danielle Pinheiro, Talius Vasconcelos e Thiago Teixeira e com ampla participa\u00e7\u00e3o dos PFNs l\u00e1 lotados. Quest\u00f5es pol\u00edticas pertinentes \u00e0 Carreira, como as reformas pretendidas pelo governo federal, e estrat\u00e9gias do Sindicato para defesa de prerrogativa dos PFNs pautaram os primeiros debates.<\/p>\n<p>A racionaliza\u00e7\u00e3o de gastos e a redu\u00e7\u00e3o de despesas impostas \u00e0 PGFN pela Portaria 424\/19 tamb\u00e9m foram temas centrais do encontro. Na unidade, o que mais preocupa os filiados \u00e9 a quest\u00e3o da redu\u00e7\u00e3o do n\u00famero de estagi\u00e1rios, haja vista a inexist\u00eancia de carreira de apoio estruturada, a baixa na contrata\u00e7\u00e3o de terceirizados e o crescente n\u00famero de aposentadorias dos servidores. Ap\u00f3s reuni\u00f5es entre SINPROFAZ e PGFN, foi informado pelo procurador-geral da Fazenda Nacional que o percentual de redu\u00e7\u00e3o caiu de 50% para 20%. O Sindicato, no entanto, continuar\u00e1 atuando junto \u00e0 chefia da Institui\u00e7\u00e3o para preservar o atual n\u00famero de estagi\u00e1rios nas unidades.<\/p>\n<p>Os representantes do SINPROFAZ tamb\u00e9m aproveitaram a reuni\u00e3o para convidar os presentes a prestigiarem o 19\u00ba Encontro Nacional dos Procuradores da Fazenda Nacional \u2013 evento anual que j\u00e1 se consolidou como principal oportunidade de congra\u00e7amento da Carreira. O Encontro ocorre de 28 de novembro a 1\u00ba de dezembro, no Cost\u00e3o do Santinho, em Florian\u00f3polis\/SC. Os filiados interessados em participar juntamente com suas fam\u00edlias devem entrar em contato pelo n\u00famero 0800 48 1000 e fazer as reservas diretamente com a equipe do resort. Mais informa\u00e7\u00f5es sobre o evento est\u00e3o dispon\u00edveis no Edital: <a href=\"http:\/\/bit.ly\/EditalEncontro\" target=\"_blank\" rel=\"noopener\">bit.ly\/EditalEncontro<\/a>.<\/p>\n\n\t\t<style type=\"text\/css\">\n\t\t\t#gallery-1 {\n\t\t\t\tmargin: auto;\n\t\t\t}\n\t\t\t#gallery-1 .gallery-item {\n\t\t\t\tfloat: left;\n\t\t\t\tmargin-top: 10px;\n\t\t\t\ttext-align: center;\n\t\t\t\twidth: 33%;\n\t\t\t}\n\t\t\t#gallery-1 img {\n\t\t\t\tborder: 2px solid #cfcfcf;\n\t\t\t}\n\t\t\t#gallery-1 .gallery-caption {\n\t\t\t\tmargin-left: 0;\n\t\t\t}\n\t\t\t\/* see gallery_shortcode() in wp-includes\/media.php *\/\n\t\t<\/style>\n\t\t<div id='gallery-1' class='gallery galleryid-10429 gallery-columns-3 gallery-size-thumbnail'><dl class='gallery-item'>\n\t\t\t<dt class='gallery-icon landscape'>\n\t\t\t\t<a href='https:\/\/sinprofaz.org.br\/2024\/wp-content\/uploads\/2019\/09\/02-9.jpg'><img loading=\"lazy\" decoding=\"async\" width=\"150\" height=\"150\" src=\"https:\/\/sinprofaz.org.br\/2024\/wp-content\/uploads\/2019\/09\/02-9-150x150.jpg\" class=\"attachment-thumbnail size-thumbnail\" alt=\"\" \/><\/a>\n\t\t\t<\/dt><\/dl><dl class='gallery-item'>\n\t\t\t<dt class='gallery-icon landscape'>\n\t\t\t\t<a href='https:\/\/sinprofaz.org.br\/2024\/wp-content\/uploads\/2019\/09\/03-5.jpg'><img loading=\"lazy\" decoding=\"async\" width=\"150\" height=\"150\" src=\"https:\/\/sinprofaz.org.br\/2024\/wp-content\/uploads\/2019\/09\/03-5-150x150.jpg\" class=\"attachment-thumbnail size-thumbnail\" alt=\"\" \/><\/a>\n\t\t\t<\/dt><\/dl>\n\t\t\t<br style='clear: both' \/>\n\t\t<\/div>\n\n","protected":false},"excerpt":{"rendered":"<p>O SINPROFAZ esteve em Fortaleza\/CE para encontro com os Colegas da PFN do Estado. Quest\u00f5es pol\u00edticas pertinentes \u00e0 Carreira, como as reformas pretendidas pelo governo, e estrat\u00e9gias para defesa de prerrogativa pautaram os primeiros debates.<\/p>\n","protected":false},"author":2,"featured_media":10430,"comment_status":"open","ping_status":"open","sticky":false,"template":"","format":"standard","meta":{"footnotes":""},"categories":[8],"tags":[32,25],"featured_image_url":"https:\/\/sinprofaz.org.br\/2024\/wp-content\/uploads\/2019\/09\/01-13.jpg","character_count":1126,"formatted_date":"25\/09\/2019 - 11:26","contentNovo":"O SINPROFAZ, representado pelo presidente Ernane Brito e pelos diretores Achilles Frias e Giuliano Menezes, esteve ontem (24) em Fortaleza\/CE para encontro com os Colegas da Procuradoria da Fazenda Nacional do Estado. A reuni\u00e3o contou com a presen\u00e7a dos delegados sindicais Danielle Pinheiro, Talius Vasconcelos e Thiago Teixeira e com ampla participa\u00e7\u00e3o dos PFNs l\u00e1 lotados. Quest\u00f5es pol\u00edticas pertinentes \u00e0 Carreira, como as reformas pretendidas pelo governo federal, e estrat\u00e9gias do Sindicato para defesa de prerrogativa dos PFNs pautaram os primeiros debates.\r\n\r\nA racionaliza\u00e7\u00e3o de gastos e a redu\u00e7\u00e3o de despesas impostas \u00e0 PGFN pela Portaria 424\/19 tamb\u00e9m foram temas centrais do encontro. Na unidade, o que mais preocupa os filiados \u00e9 a quest\u00e3o da redu\u00e7\u00e3o do n\u00famero de estagi\u00e1rios, haja vista a inexist\u00eancia de carreira de apoio estruturada, a baixa na contrata\u00e7\u00e3o de terceirizados e o crescente n\u00famero de aposentadorias dos servidores. Ap\u00f3s reuni\u00f5es entre SINPROFAZ e PGFN, foi informado pelo procurador-geral da Fazenda Nacional que o percentual de redu\u00e7\u00e3o caiu de 50% para 20%. O Sindicato, no entanto, continuar\u00e1 atuando junto \u00e0 chefia da Institui\u00e7\u00e3o para preservar o atual n\u00famero de estagi\u00e1rios nas unidades.\r\n\r\nOs representantes do SINPROFAZ tamb\u00e9m aproveitaram a reuni\u00e3o para convidar os presentes a prestigiarem o 19\u00ba Encontro Nacional dos Procuradores da Fazenda Nacional \u2013 evento anual que j\u00e1 se consolidou como principal oportunidade de congra\u00e7amento da Carreira. O Encontro ocorre de 28 de novembro a 1\u00ba de dezembro, no Cost\u00e3o do Santinho, em Florian\u00f3polis\/SC. Os filiados interessados em participar juntamente com suas fam\u00edlias devem entrar em contato pelo n\u00famero 0800 48 1000 e fazer as reservas diretamente com a equipe do resort. Mais informa\u00e7\u00f5es sobre o evento est\u00e3o dispon\u00edveis no Edital: <a href=\"http:\/\/bit.ly\/EditalEncontro\" target=\"_blank\" rel=\"noopener\">bit.ly\/EditalEncontro<\/a>.\r\n\r\n[gallery link=\"file\" ids=\"10431,10432\"]","_links":{"self":[{"href":"https:\/\/sinprofaz.org.br\/2024\/wp-json\/wp\/v2\/posts\/10429"}],"collection":[{"href":"https:\/\/sinprofaz.org.br\/2024\/wp-json\/wp\/v2\/posts"}],"about":[{"href":"https:\/\/sinprofaz.org.br\/2024\/wp-json\/wp\/v2\/types\/post"}],"author":[{"embeddable":true,"href":"https:\/\/sinprofaz.org.br\/2024\/wp-json\/wp\/v2\/users\/2"}],"replies":[{"embeddable":true,"href":"https:\/\/sinprofaz.org.br\/2024\/wp-json\/wp\/v2\/comments?post=10429"}],"version-history":[{"count":2,"href":"https:\/\/sinprofaz.org.br\/2024\/wp-json\/wp\/v2\/posts\/10429\/revisions"}],"predecessor-version":[{"id":10441,"href":"https:\/\/sinprofaz.org.br\/2024\/wp-json\/wp\/v2\/posts\/10429\/revisions\/10441"}],"wp:featuredmedia":[{"embeddable":true,"href":"https:\/\/sinprofaz.org.br\/2024\/wp-json\/wp\/v2\/media\/10430"}],"wp:attachment":[{"href":"https:\/\/sinprofaz.org.br\/2024\/wp-json\/wp\/v2\/media?parent=10429"}],"wp:term":[{"taxonomy":"category","embeddable":true,"href":"https:\/\/sinprofaz.org.br\/2024\/wp-json\/wp\/v2\/categories?post=10429"},{"taxonomy":"post_tag","embeddable":true,"href":"https:\/\/sinprofaz.org.br\/2024\/wp-json\/wp\/v2\/tags?post=10429"}],"curies":[{"name":"wp","href":"https:\/\/api.w.org\/{rel}","templated":true}]}}