{"id":10367,"date":"2019-09-17T09:07:12","date_gmt":"2019-09-17T12:07:12","guid":{"rendered":"http:\/\/www.sinprofaz.org.br\/?p=10367"},"modified":"2019-09-18T09:43:15","modified_gmt":"2019-09-18T12:43:15","slug":"vice-presidente-da-anauni-concede-entrevista-a-tv-sinprofaz","status":"publish","type":"post","link":"https:\/\/sinprofaz.org.br\/2024\/noticias\/vice-presidente-da-anauni-concede-entrevista-a-tv-sinprofaz\/","title":{"rendered":"VICE-PRESIDENTE DA ANAUNI CONCEDE ENTREVISTA \u00c0 TV SINPROFAZ"},"content":{"rendered":"<p>Representando a ANAUNI &#8211; Associa\u00e7\u00e3o Nacional dos Advogados da Uni\u00e3o, o vice-presidente Tiago Bacelar compareceu ao evento de apresenta\u00e7\u00e3o, ao Congresso Nacional, do Primeiro Diagn\u00f3stico da Carreira de Procurador da Fazenda Nacional. Segundo Bacelar, que concedeu entrevista \u00e0 TV SINPROFAZ, as carreiras de procurador da Fazenda Nacional e de advogado da Uni\u00e3o s\u00e3o irm\u00e3s, tendo em vista que representam o Estado e est\u00e3o inscritas na lei complementar da AGU. <\/p>\n<p>&#8220;H\u00e1 uma parceria muito grande entre as nossas carreiras, assim como entre a ANAUNI e o SINPROFAZ. Ficamos muito felizes com a realiza\u00e7\u00e3o do Diagn\u00f3stico, que \u00e9 pesquisa importante para embasar melhorias aos Colegas, assim como para a AGU como um todo. Parabenizamos o SINPROFAZ por essa iniciativa.&#8221;<\/p>\n<p>Acesse a entrevista completa: <a href=\"http:\/\/bit.ly\/2OfExFA\" rel=\"noopener\" target=\"_blank\">bit.ly\/2OfExFA<\/a><\/p>\n","protected":false},"excerpt":{"rendered":"<p>Representando a ANAUNI, o vice-presidente Tiago Bacelar compareceu ao evento de apresenta\u00e7\u00e3o do Primeiro Diagn\u00f3stico da Carreira de PFN. Segundo Bacelar, as carreiras de procurador da Fazenda Nacional e de advogado da Uni\u00e3o s\u00e3o irm\u00e3s. Confira a entrevista.<\/p>\n","protected":false},"author":2,"featured_media":10368,"comment_status":"open","ping_status":"open","sticky":false,"template":"","format":"standard","meta":{"footnotes":""},"categories":[8],"tags":[32,127,25],"featured_image_url":"https:\/\/sinprofaz.org.br\/2024\/wp-content\/uploads\/2019\/09\/01-8.jpg","character_count":418,"formatted_date":"17\/09\/2019 - 09:07","contentNovo":"Representando a ANAUNI - Associa\u00e7\u00e3o Nacional dos Advogados da Uni\u00e3o, o vice-presidente Tiago Bacelar compareceu ao evento de apresenta\u00e7\u00e3o, ao Congresso Nacional, do Primeiro Diagn\u00f3stico da Carreira de Procurador da Fazenda Nacional. Segundo Bacelar, que concedeu entrevista \u00e0 TV SINPROFAZ, as carreiras de procurador da Fazenda Nacional e de advogado da Uni\u00e3o s\u00e3o irm\u00e3s, tendo em vista que representam o Estado e est\u00e3o inscritas na lei complementar da AGU. \r\n\r\n\"H\u00e1 uma parceria muito grande entre as nossas carreiras, assim como entre a ANAUNI e o SINPROFAZ. Ficamos muito felizes com a realiza\u00e7\u00e3o do Diagn\u00f3stico, que \u00e9 pesquisa importante para embasar melhorias aos Colegas, assim como para a AGU como um todo. Parabenizamos o SINPROFAZ por essa iniciativa.\"\r\n\r\nAcesse a entrevista completa: <a href=\"http:\/\/bit.ly\/2OfExFA\" rel=\"noopener\" target=\"_blank\">bit.ly\/2OfExFA<\/a>","_links":{"self":[{"href":"https:\/\/sinprofaz.org.br\/2024\/wp-json\/wp\/v2\/posts\/10367"}],"collection":[{"href":"https:\/\/sinprofaz.org.br\/2024\/wp-json\/wp\/v2\/posts"}],"about":[{"href":"https:\/\/sinprofaz.org.br\/2024\/wp-json\/wp\/v2\/types\/post"}],"author":[{"embeddable":true,"href":"https:\/\/sinprofaz.org.br\/2024\/wp-json\/wp\/v2\/users\/2"}],"replies":[{"embeddable":true,"href":"https:\/\/sinprofaz.org.br\/2024\/wp-json\/wp\/v2\/comments?post=10367"}],"version-history":[{"count":3,"href":"https:\/\/sinprofaz.org.br\/2024\/wp-json\/wp\/v2\/posts\/10367\/revisions"}],"predecessor-version":[{"id":10386,"href":"https:\/\/sinprofaz.org.br\/2024\/wp-json\/wp\/v2\/posts\/10367\/revisions\/10386"}],"wp:featuredmedia":[{"embeddable":true,"href":"https:\/\/sinprofaz.org.br\/2024\/wp-json\/wp\/v2\/media\/10368"}],"wp:attachment":[{"href":"https:\/\/sinprofaz.org.br\/2024\/wp-json\/wp\/v2\/media?parent=10367"}],"wp:term":[{"taxonomy":"category","embeddable":true,"href":"https:\/\/sinprofaz.org.br\/2024\/wp-json\/wp\/v2\/categories?post=10367"},{"taxonomy":"post_tag","embeddable":true,"href":"https:\/\/sinprofaz.org.br\/2024\/wp-json\/wp\/v2\/tags?post=10367"}],"curies":[{"name":"wp","href":"https:\/\/api.w.org\/{rel}","templated":true}]}}