{"id":10353,"date":"2019-09-13T08:56:56","date_gmt":"2019-09-13T11:56:56","guid":{"rendered":"http:\/\/www.sinprofaz.org.br\/?p=10353"},"modified":"2019-09-16T09:50:46","modified_gmt":"2019-09-16T12:50:46","slug":"sinprofaz-debate-reformas-em-reuniao-com-assessoria-parlamentar","status":"publish","type":"post","link":"https:\/\/sinprofaz.org.br\/2024\/noticias\/sinprofaz-debate-reformas-em-reuniao-com-assessoria-parlamentar\/","title":{"rendered":"SINPROFAZ DEBATE REFORMAS EM REUNI\u00c3O COM ASSESSORIA PARLAMENTAR"},"content":{"rendered":"<p>O SINPROFAZ, representado pelo presidente Ernane Brito e pelo diretor de Assuntos Parlamentares, Rodrigo Mellet, reuniu-se na ter\u00e7a-feira (10) com Enrico Ribeiro e Let\u00edcia Mendes, assessores parlamentares do Sindicato. Na oportunidade da reuni\u00e3o, foram debatidas pautas de interesse dos filiados, especialmente a maneira como as reformas administrativa, previdenci\u00e1ria e tribut\u00e1ria podem impactar os Membros da Carreira.<\/p>\n<p>O processo de tramita\u00e7\u00e3o da PEC 6\/2019 no Senado Federal foi discutido pelos dirigentes do SINPROFAZ que, juntamente com os assessores, definiram medidas estrat\u00e9gicas para defesa dos filiados. As consequ\u00eancias de uma poss\u00edvel reforma administrativa tamb\u00e9m foram debatidas na ocasi\u00e3o, assim como o posicionamento do SINPROFAZ em rela\u00e7\u00e3o \u00e0 reforma tribut\u00e1ria a ser proposta pelo governo federal.<\/p>\n\n\t\t<style type=\"text\/css\">\n\t\t\t#gallery-1 {\n\t\t\t\tmargin: auto;\n\t\t\t}\n\t\t\t#gallery-1 .gallery-item {\n\t\t\t\tfloat: left;\n\t\t\t\tmargin-top: 10px;\n\t\t\t\ttext-align: center;\n\t\t\t\twidth: 33%;\n\t\t\t}\n\t\t\t#gallery-1 img {\n\t\t\t\tborder: 2px solid #cfcfcf;\n\t\t\t}\n\t\t\t#gallery-1 .gallery-caption {\n\t\t\t\tmargin-left: 0;\n\t\t\t}\n\t\t\t\/* see gallery_shortcode() in wp-includes\/media.php *\/\n\t\t<\/style>\n\t\t<div id='gallery-1' class='gallery galleryid-10353 gallery-columns-3 gallery-size-thumbnail'><dl class='gallery-item'>\n\t\t\t<dt class='gallery-icon landscape'>\n\t\t\t\t<a href='https:\/\/sinprofaz.org.br\/2024\/wp-content\/uploads\/2019\/09\/02-6.jpg'><img loading=\"lazy\" decoding=\"async\" width=\"150\" height=\"150\" src=\"https:\/\/sinprofaz.org.br\/2024\/wp-content\/uploads\/2019\/09\/02-6-150x150.jpg\" class=\"attachment-thumbnail size-thumbnail\" alt=\"\" \/><\/a>\n\t\t\t<\/dt><\/dl><dl class='gallery-item'>\n\t\t\t<dt class='gallery-icon landscape'>\n\t\t\t\t<a href='https:\/\/sinprofaz.org.br\/2024\/wp-content\/uploads\/2019\/09\/03-3.jpg'><img loading=\"lazy\" decoding=\"async\" width=\"150\" height=\"150\" src=\"https:\/\/sinprofaz.org.br\/2024\/wp-content\/uploads\/2019\/09\/03-3-150x150.jpg\" class=\"attachment-thumbnail size-thumbnail\" alt=\"\" \/><\/a>\n\t\t\t<\/dt><\/dl>\n\t\t\t<br style='clear: both' \/>\n\t\t<\/div>\n\n","protected":false},"excerpt":{"rendered":"<p>O SINPROFAZ, representado pelo presidente Ernane Brito e pelo diretor de Assuntos Parlamentares, Rodrigo Mellet, reuniu-se com assessores parlamentares do Sindicato. Foram debatidas pautas de interesse da Carreira, como as reformas do governo federal.<\/p>\n","protected":false},"author":2,"featured_media":10354,"comment_status":"open","ping_status":"open","sticky":false,"template":"","format":"standard","meta":{"footnotes":""},"categories":[8],"tags":[32,77,25],"featured_image_url":"https:\/\/sinprofaz.org.br\/2024\/wp-content\/uploads\/2019\/09\/01-7.jpg","character_count":600,"formatted_date":"13\/09\/2019 - 08:56","contentNovo":"O SINPROFAZ, representado pelo presidente Ernane Brito e pelo diretor de Assuntos Parlamentares, Rodrigo Mellet, reuniu-se na ter\u00e7a-feira (10) com Enrico Ribeiro e Let\u00edcia Mendes, assessores parlamentares do Sindicato. Na oportunidade da reuni\u00e3o, foram debatidas pautas de interesse dos filiados, especialmente a maneira como as reformas administrativa, previdenci\u00e1ria e tribut\u00e1ria podem impactar os Membros da Carreira.\r\n\r\nO processo de tramita\u00e7\u00e3o da PEC 6\/2019 no Senado Federal foi discutido pelos dirigentes do SINPROFAZ que, juntamente com os assessores, definiram medidas estrat\u00e9gicas para defesa dos filiados. As consequ\u00eancias de uma poss\u00edvel reforma administrativa tamb\u00e9m foram debatidas na ocasi\u00e3o, assim como o posicionamento do SINPROFAZ em rela\u00e7\u00e3o \u00e0 reforma tribut\u00e1ria a ser proposta pelo governo federal.\r\n\r\n[gallery link=\"file\" ids=\"10355,10356\"]","_links":{"self":[{"href":"https:\/\/sinprofaz.org.br\/2024\/wp-json\/wp\/v2\/posts\/10353"}],"collection":[{"href":"https:\/\/sinprofaz.org.br\/2024\/wp-json\/wp\/v2\/posts"}],"about":[{"href":"https:\/\/sinprofaz.org.br\/2024\/wp-json\/wp\/v2\/types\/post"}],"author":[{"embeddable":true,"href":"https:\/\/sinprofaz.org.br\/2024\/wp-json\/wp\/v2\/users\/2"}],"replies":[{"embeddable":true,"href":"https:\/\/sinprofaz.org.br\/2024\/wp-json\/wp\/v2\/comments?post=10353"}],"version-history":[{"count":2,"href":"https:\/\/sinprofaz.org.br\/2024\/wp-json\/wp\/v2\/posts\/10353\/revisions"}],"predecessor-version":[{"id":10365,"href":"https:\/\/sinprofaz.org.br\/2024\/wp-json\/wp\/v2\/posts\/10353\/revisions\/10365"}],"wp:featuredmedia":[{"embeddable":true,"href":"https:\/\/sinprofaz.org.br\/2024\/wp-json\/wp\/v2\/media\/10354"}],"wp:attachment":[{"href":"https:\/\/sinprofaz.org.br\/2024\/wp-json\/wp\/v2\/media?parent=10353"}],"wp:term":[{"taxonomy":"category","embeddable":true,"href":"https:\/\/sinprofaz.org.br\/2024\/wp-json\/wp\/v2\/categories?post=10353"},{"taxonomy":"post_tag","embeddable":true,"href":"https:\/\/sinprofaz.org.br\/2024\/wp-json\/wp\/v2\/tags?post=10353"}],"curies":[{"name":"wp","href":"https:\/\/api.w.org\/{rel}","templated":true}]}}