{"id":10337,"date":"2019-09-11T09:08:08","date_gmt":"2019-09-11T12:08:08","guid":{"rendered":"http:\/\/www.sinprofaz.org.br\/?p=10337"},"modified":"2019-09-12T10:52:38","modified_gmt":"2019-09-12T13:52:38","slug":"reformas-pretendidas-pelo-governo-federal-pautam-reuniao-do-fonacate","status":"publish","type":"post","link":"https:\/\/sinprofaz.org.br\/2024\/noticias\/reformas-pretendidas-pelo-governo-federal-pautam-reuniao-do-fonacate\/","title":{"rendered":"REFORMAS PRETENDIDAS PELO GOVERNO FEDERAL PAUTAM REUNI\u00c3O DO FONACATE"},"content":{"rendered":"<p>O SINPROFAZ, representado pelo presidente Ernane Brito e pelo diretor Rodrigo Mellet, participou ontem (10) de Assembleia Geral do F\u00f3rum Nacional Permanente de Carreiras T\u00edpicas de Estado &#8211; Fonacate. O encontro reuniu diversas entidades para discuss\u00e3o a respeito da reforma da Previd\u00eancia (PEC 6\/2019), cuja an\u00e1lise pelo plen\u00e1rio do Senado Federal j\u00e1 se iniciou. A necessidade de posicionamento sobre a reforma tribut\u00e1ria e as graves consequ\u00eancias que podem advir da reforma administrativa tamb\u00e9m foram debatidas na ocasi\u00e3o.<\/p>\n<p>Ao fazer uso da palavra, Ernane Brito citou a PEC 6\/2019 e fez refer\u00eancia \u00e0s demais reformas a serem enfrentadas: &#8220;O pacote de maldades do governo est\u00e1 vindo de forma parcelada. As ideias s\u00e3o de terceiriza\u00e7\u00e3o, de esfacelamento do servi\u00e7o p\u00fablico, de ruptura do Estado Democr\u00e1tico de Direito. Querem que nos enfraque\u00e7amos e que facilitemos o avan\u00e7o desse Projeto de rombo do Estado brasileiro. \u00c9 preciso demonstrar \u00e0 sociedade a import\u00e2ncia do Estado e de seus servidores, os quais podem atuar contra as pr\u00e1ticas totalit\u00e1rias e nefastas do atual governo&#8221;.<\/p>\n<p>Aprovada na semana passada pela Comiss\u00e3o de Constitui\u00e7\u00e3o, Justi\u00e7a e Cidadania (CCJ) do Senado Federal, a proposta de reforma da Previd\u00eancia passou a ser acompanhada por uma PEC paralela, que re\u00fane as emendas acolhidas pelo relator, o senador Tasso Jereissati (PSDB-CE). O texto, transformado na PEC 133\/2019, teve aprova\u00e7\u00e3o un\u00e2nime na CCJ, num amplo acordo de l\u00edderes costurado tamb\u00e9m com o presidente da C\u00e2mara, Rodrigo Maia, que se comprometeu a dar prosseguimento \u00e0 nova PEC na Casa.<\/p>\n\n\t\t<style type=\"text\/css\">\n\t\t\t#gallery-1 {\n\t\t\t\tmargin: auto;\n\t\t\t}\n\t\t\t#gallery-1 .gallery-item {\n\t\t\t\tfloat: left;\n\t\t\t\tmargin-top: 10px;\n\t\t\t\ttext-align: center;\n\t\t\t\twidth: 33%;\n\t\t\t}\n\t\t\t#gallery-1 img {\n\t\t\t\tborder: 2px solid #cfcfcf;\n\t\t\t}\n\t\t\t#gallery-1 .gallery-caption {\n\t\t\t\tmargin-left: 0;\n\t\t\t}\n\t\t\t\/* see gallery_shortcode() in wp-includes\/media.php *\/\n\t\t<\/style>\n\t\t<div id='gallery-1' class='gallery galleryid-10337 gallery-columns-3 gallery-size-thumbnail'><dl class='gallery-item'>\n\t\t\t<dt class='gallery-icon landscape'>\n\t\t\t\t<a href='https:\/\/sinprofaz.org.br\/2024\/wp-content\/uploads\/2019\/09\/02-4.jpg'><img loading=\"lazy\" decoding=\"async\" width=\"150\" height=\"150\" src=\"https:\/\/sinprofaz.org.br\/2024\/wp-content\/uploads\/2019\/09\/02-4-150x150.jpg\" class=\"attachment-thumbnail size-thumbnail\" alt=\"\" \/><\/a>\n\t\t\t<\/dt><\/dl><dl class='gallery-item'>\n\t\t\t<dt class='gallery-icon landscape'>\n\t\t\t\t<a href='https:\/\/sinprofaz.org.br\/2024\/wp-content\/uploads\/2019\/09\/03-2.jpg'><img loading=\"lazy\" decoding=\"async\" width=\"150\" height=\"150\" src=\"https:\/\/sinprofaz.org.br\/2024\/wp-content\/uploads\/2019\/09\/03-2-150x150.jpg\" class=\"attachment-thumbnail size-thumbnail\" alt=\"\" \/><\/a>\n\t\t\t<\/dt><\/dl>\n\t\t\t<br style='clear: both' \/>\n\t\t<\/div>\n\n","protected":false},"excerpt":{"rendered":"<p>Ao fazer uso da palavra, Ernane Brito citou a PEC 6\/2019 e fez refer\u00eancia \u00e0s demais reformas a serem enfrentadas: &#8220;O pacote de maldades est\u00e1 vindo de forma parcelada. As ideias s\u00e3o de terceiriza\u00e7\u00e3o, de esfacelamento do servi\u00e7o p\u00fablico&#8221;.<\/p>\n","protected":false},"author":2,"featured_media":10338,"comment_status":"open","ping_status":"open","sticky":false,"template":"","format":"standard","meta":{"footnotes":""},"categories":[8],"tags":[122,77,25],"featured_image_url":"https:\/\/sinprofaz.org.br\/2024\/wp-content\/uploads\/2019\/09\/01-5.jpg","character_count":997,"formatted_date":"11\/09\/2019 - 09:08","contentNovo":"O SINPROFAZ, representado pelo presidente Ernane Brito e pelo diretor Rodrigo Mellet, participou ontem (10) de Assembleia Geral do F\u00f3rum Nacional Permanente de Carreiras T\u00edpicas de Estado - Fonacate. O encontro reuniu diversas entidades para discuss\u00e3o a respeito da reforma da Previd\u00eancia (PEC 6\/2019), cuja an\u00e1lise pelo plen\u00e1rio do Senado Federal j\u00e1 se iniciou. A necessidade de posicionamento sobre a reforma tribut\u00e1ria e as graves consequ\u00eancias que podem advir da reforma administrativa tamb\u00e9m foram debatidas na ocasi\u00e3o.\r\n\r\nAo fazer uso da palavra, Ernane Brito citou a PEC 6\/2019 e fez refer\u00eancia \u00e0s demais reformas a serem enfrentadas: \"O pacote de maldades do governo est\u00e1 vindo de forma parcelada. As ideias s\u00e3o de terceiriza\u00e7\u00e3o, de esfacelamento do servi\u00e7o p\u00fablico, de ruptura do Estado Democr\u00e1tico de Direito. Querem que nos enfraque\u00e7amos e que facilitemos o avan\u00e7o desse Projeto de rombo do Estado brasileiro. \u00c9 preciso demonstrar \u00e0 sociedade a import\u00e2ncia do Estado e de seus servidores, os quais podem atuar contra as pr\u00e1ticas totalit\u00e1rias e nefastas do atual governo\".\r\n\r\nAprovada na semana passada pela Comiss\u00e3o de Constitui\u00e7\u00e3o, Justi\u00e7a e Cidadania (CCJ) do Senado Federal, a proposta de reforma da Previd\u00eancia passou a ser acompanhada por uma PEC paralela, que re\u00fane as emendas acolhidas pelo relator, o senador Tasso Jereissati (PSDB-CE). O texto, transformado na PEC 133\/2019, teve aprova\u00e7\u00e3o un\u00e2nime na CCJ, num amplo acordo de l\u00edderes costurado tamb\u00e9m com o presidente da C\u00e2mara, Rodrigo Maia, que se comprometeu a dar prosseguimento \u00e0 nova PEC na Casa.\r\n\r\n[gallery link=\"file\" ids=\"10339,10340\"]","_links":{"self":[{"href":"https:\/\/sinprofaz.org.br\/2024\/wp-json\/wp\/v2\/posts\/10337"}],"collection":[{"href":"https:\/\/sinprofaz.org.br\/2024\/wp-json\/wp\/v2\/posts"}],"about":[{"href":"https:\/\/sinprofaz.org.br\/2024\/wp-json\/wp\/v2\/types\/post"}],"author":[{"embeddable":true,"href":"https:\/\/sinprofaz.org.br\/2024\/wp-json\/wp\/v2\/users\/2"}],"replies":[{"embeddable":true,"href":"https:\/\/sinprofaz.org.br\/2024\/wp-json\/wp\/v2\/comments?post=10337"}],"version-history":[{"count":2,"href":"https:\/\/sinprofaz.org.br\/2024\/wp-json\/wp\/v2\/posts\/10337\/revisions"}],"predecessor-version":[{"id":10352,"href":"https:\/\/sinprofaz.org.br\/2024\/wp-json\/wp\/v2\/posts\/10337\/revisions\/10352"}],"wp:featuredmedia":[{"embeddable":true,"href":"https:\/\/sinprofaz.org.br\/2024\/wp-json\/wp\/v2\/media\/10338"}],"wp:attachment":[{"href":"https:\/\/sinprofaz.org.br\/2024\/wp-json\/wp\/v2\/media?parent=10337"}],"wp:term":[{"taxonomy":"category","embeddable":true,"href":"https:\/\/sinprofaz.org.br\/2024\/wp-json\/wp\/v2\/categories?post=10337"},{"taxonomy":"post_tag","embeddable":true,"href":"https:\/\/sinprofaz.org.br\/2024\/wp-json\/wp\/v2\/tags?post=10337"}],"curies":[{"name":"wp","href":"https:\/\/api.w.org\/{rel}","templated":true}]}}