{"id":10331,"date":"2019-09-10T09:46:41","date_gmt":"2019-09-10T12:46:41","guid":{"rendered":"http:\/\/www.sinprofaz.org.br\/?p=10331"},"modified":"2019-09-11T09:29:33","modified_gmt":"2019-09-11T12:29:33","slug":"sinprofaz-participa-de-encontro-das-comissoes-de-advocacia-publica-da-oab","status":"publish","type":"post","link":"https:\/\/sinprofaz.org.br\/2024\/noticias\/sinprofaz-participa-de-encontro-das-comissoes-de-advocacia-publica-da-oab\/","title":{"rendered":"SINPROFAZ PARTICIPA DE ENCONTRO DAS COMISS\u00d5ES DE ADVOCACIA P\u00daBLICA DA OAB"},"content":{"rendered":"<p>O SINPROFAZ, representado pelo vice-presidente, Roberto Rodrigues, participou ontem (9) do Primeiro Encontro de Presidentes das Comiss\u00f5es de Advocacia P\u00fablica da Ordem dos Advogados do Brasil. Membro da Comiss\u00e3o Nacional de Advocacia P\u00fablica da OAB, Roberto Rodrigues comp\u00f4s a mesa diretora que abriu o evento, realizado na sede institucional da OAB-SP, em S\u00e3o Paulo\/SP. A proposta do Primeiro Encontro de Presidentes foi discutir especialmente a necessidade de valoriza\u00e7\u00e3o do trabalho dos advogados p\u00fablicos federais, estaduais e municipais.<\/p>\n<p>Entre os integrantes da mesa de abertura, esteve tamb\u00e9m Marcello Terto e Silva, presidente da Comiss\u00e3o Nacional de Advocacia P\u00fablica. &#8220;Pela experi\u00eancia e viv\u00eancia que tenho no Sistema OAB, acredito que seja esta a primeira vez que conseguimos reunir tantos presidentes de Comiss\u00f5es de Advocacia P\u00fablica. Foi a partir da instala\u00e7\u00e3o permanente da Comiss\u00e3o Nacional que testemunhamos a aproxima\u00e7\u00e3o e o resgate da rela\u00e7\u00e3o entre a Advocacia P\u00fablica e a Ordem dos Advogados do Brasil, que \u00e9 nossa entidade-m\u00e3e, a que nos identifica como advogados que somos. Desejo que este seja um evento promissor para a Advocacia P\u00fablica e Advocacia brasileira como um todo&#8221;, discursou Terto.<\/p>\n<p>A cerim\u00f4nia de abertura foi seguida pelo primeiro painel do dia, denominado &#8220;Advocacia P\u00fablica &#8211; Institui\u00e7\u00e3o, Prerrogativas e Equil\u00edbrio Federativo&#8221;. A atua\u00e7\u00e3o do Conselho Federal da OAB em defesa de prerrogativa dos advogados p\u00fablicos tamb\u00e9m foi tema de painel do evento, o qual teve ainda espa\u00e7o dedicado \u00e0 discuss\u00e3o e \u00e0 proposi\u00e7\u00e3o de pautas nacionais convergentes. No Encontro, a Carreira de procurador da Fazenda Nacional foi tamb\u00e9m representada pela filiada Rita Dias Nolasco, diretora da Advocacia-Geral da Uni\u00e3o em S\u00e3o Paulo e conselheira suplente da OAB-SP. <\/p>\n<p>Assista aqui \u00e0 cerim\u00f4nia de abertura e ao painel inicial do Primeiro Encontro de Presidentes das Comiss\u00f5es de Advocacia P\u00fablica da OAB: <a href=\"http:\/\/bit.ly\/2m7uqoS\">bit.ly\/2m7uqoS<\/a><\/p>\n\n\t\t<style type=\"text\/css\">\n\t\t\t#gallery-1 {\n\t\t\t\tmargin: auto;\n\t\t\t}\n\t\t\t#gallery-1 .gallery-item {\n\t\t\t\tfloat: left;\n\t\t\t\tmargin-top: 10px;\n\t\t\t\ttext-align: center;\n\t\t\t\twidth: 33%;\n\t\t\t}\n\t\t\t#gallery-1 img {\n\t\t\t\tborder: 2px solid #cfcfcf;\n\t\t\t}\n\t\t\t#gallery-1 .gallery-caption {\n\t\t\t\tmargin-left: 0;\n\t\t\t}\n\t\t\t\/* see gallery_shortcode() in wp-includes\/media.php *\/\n\t\t<\/style>\n\t\t<div id='gallery-1' class='gallery galleryid-10331 gallery-columns-3 gallery-size-thumbnail'><dl class='gallery-item'>\n\t\t\t<dt class='gallery-icon landscape'>\n\t\t\t\t<a href='https:\/\/sinprofaz.org.br\/2024\/wp-content\/uploads\/2019\/09\/02-3.jpg'><img loading=\"lazy\" decoding=\"async\" width=\"150\" height=\"150\" src=\"https:\/\/sinprofaz.org.br\/2024\/wp-content\/uploads\/2019\/09\/02-3-150x150.jpg\" class=\"attachment-thumbnail size-thumbnail\" alt=\"\" \/><\/a>\n\t\t\t<\/dt><\/dl>\n\t\t\t<br style='clear: both' \/>\n\t\t<\/div>\n\n","protected":false},"excerpt":{"rendered":"<p>O SINPROFAZ, representado por Roberto Rodrigues, participou ontem (9) do Primeiro Encontro de Presidentes das Comiss\u00f5es de Advocacia P\u00fablica da Ordem dos Advogados do Brasil. Roberto Rodrigues \u00e9 membro da Comiss\u00e3o Nacional de Advocacia P\u00fablica.<\/p>\n","protected":false},"author":2,"featured_media":10332,"comment_status":"open","ping_status":"open","sticky":false,"template":"","format":"standard","meta":{"footnotes":""},"categories":[8],"tags":[],"featured_image_url":"https:\/\/sinprofaz.org.br\/2024\/wp-content\/uploads\/2019\/09\/01-4.jpg","character_count":1185,"formatted_date":"10\/09\/2019 - 09:46","contentNovo":"O SINPROFAZ, representado pelo vice-presidente, Roberto Rodrigues, participou ontem (9) do Primeiro Encontro de Presidentes das Comiss\u00f5es de Advocacia P\u00fablica da Ordem dos Advogados do Brasil. Membro da Comiss\u00e3o Nacional de Advocacia P\u00fablica da OAB, Roberto Rodrigues comp\u00f4s a mesa diretora que abriu o evento, realizado na sede institucional da OAB-SP, em S\u00e3o Paulo\/SP. A proposta do Primeiro Encontro de Presidentes foi discutir especialmente a necessidade de valoriza\u00e7\u00e3o do trabalho dos advogados p\u00fablicos federais, estaduais e municipais.\r\n\r\nEntre os integrantes da mesa de abertura, esteve tamb\u00e9m Marcello Terto e Silva, presidente da Comiss\u00e3o Nacional de Advocacia P\u00fablica. \"Pela experi\u00eancia e viv\u00eancia que tenho no Sistema OAB, acredito que seja esta a primeira vez que conseguimos reunir tantos presidentes de Comiss\u00f5es de Advocacia P\u00fablica. Foi a partir da instala\u00e7\u00e3o permanente da Comiss\u00e3o Nacional que testemunhamos a aproxima\u00e7\u00e3o e o resgate da rela\u00e7\u00e3o entre a Advocacia P\u00fablica e a Ordem dos Advogados do Brasil, que \u00e9 nossa entidade-m\u00e3e, a que nos identifica como advogados que somos. Desejo que este seja um evento promissor para a Advocacia P\u00fablica e Advocacia brasileira como um todo\", discursou Terto.\r\n\r\nA cerim\u00f4nia de abertura foi seguida pelo primeiro painel do dia, denominado \"Advocacia P\u00fablica - Institui\u00e7\u00e3o, Prerrogativas e Equil\u00edbrio Federativo\". A atua\u00e7\u00e3o do Conselho Federal da OAB em defesa de prerrogativa dos advogados p\u00fablicos tamb\u00e9m foi tema de painel do evento, o qual teve ainda espa\u00e7o dedicado \u00e0 discuss\u00e3o e \u00e0 proposi\u00e7\u00e3o de pautas nacionais convergentes. No Encontro, a Carreira de procurador da Fazenda Nacional foi tamb\u00e9m representada pela filiada Rita Dias Nolasco, diretora da Advocacia-Geral da Uni\u00e3o em S\u00e3o Paulo e conselheira suplente da OAB-SP. \r\n\r\nAssista aqui \u00e0 cerim\u00f4nia de abertura e ao painel inicial do Primeiro Encontro de Presidentes das Comiss\u00f5es de Advocacia P\u00fablica da OAB: <a href=\"http:\/\/bit.ly\/2m7uqoS\">bit.ly\/2m7uqoS<\/a>\r\n\r\n[gallery link=\"file\" ids=\"10333\"]","_links":{"self":[{"href":"https:\/\/sinprofaz.org.br\/2024\/wp-json\/wp\/v2\/posts\/10331"}],"collection":[{"href":"https:\/\/sinprofaz.org.br\/2024\/wp-json\/wp\/v2\/posts"}],"about":[{"href":"https:\/\/sinprofaz.org.br\/2024\/wp-json\/wp\/v2\/types\/post"}],"author":[{"embeddable":true,"href":"https:\/\/sinprofaz.org.br\/2024\/wp-json\/wp\/v2\/users\/2"}],"replies":[{"embeddable":true,"href":"https:\/\/sinprofaz.org.br\/2024\/wp-json\/wp\/v2\/comments?post=10331"}],"version-history":[{"count":3,"href":"https:\/\/sinprofaz.org.br\/2024\/wp-json\/wp\/v2\/posts\/10331\/revisions"}],"predecessor-version":[{"id":10343,"href":"https:\/\/sinprofaz.org.br\/2024\/wp-json\/wp\/v2\/posts\/10331\/revisions\/10343"}],"wp:featuredmedia":[{"embeddable":true,"href":"https:\/\/sinprofaz.org.br\/2024\/wp-json\/wp\/v2\/media\/10332"}],"wp:attachment":[{"href":"https:\/\/sinprofaz.org.br\/2024\/wp-json\/wp\/v2\/media?parent=10331"}],"wp:term":[{"taxonomy":"category","embeddable":true,"href":"https:\/\/sinprofaz.org.br\/2024\/wp-json\/wp\/v2\/categories?post=10331"},{"taxonomy":"post_tag","embeddable":true,"href":"https:\/\/sinprofaz.org.br\/2024\/wp-json\/wp\/v2\/tags?post=10331"}],"curies":[{"name":"wp","href":"https:\/\/api.w.org\/{rel}","templated":true}]}}