{"id":1033,"date":"2012-09-28T16:59:24","date_gmt":"2012-09-28T16:59:24","guid":{"rendered":""},"modified":"-0001-11-30T00:00:00","modified_gmt":"-0001-11-30T03:00:00","slug":"revista-fecombustiveis-destaca-trabalho-dos-procuradores-da-fazenda","status":"publish","type":"post","link":"https:\/\/sinprofaz.org.br\/2024\/noticias\/revista-fecombustiveis-destaca-trabalho-dos-procuradores-da-fazenda\/","title":{"rendered":"Revista Fecombust\u00edveis destaca trabalho dos Procuradores da Fazenda"},"content":{"rendered":"<p>Na conversa com a jornalista Morgana Campos, Titonelli defendeu mudan\u00e7as nos programas de refinanciamento das d\u00edvidas, criticou a toler\u00e2ncia da sociedade quanto \u00e0 sonega\u00e7\u00e3o, mas reconheceu que houve avan\u00e7os significativos.<\/p>\n<p>\u201cSe analisarmos os \u00faltimos dez anos de combate \u00e0s pr\u00e1ticas irregulares no mercado de combust\u00edveis, por exemplo, a evolu\u00e7\u00e3o \u00e9 percept\u00edvel a olhos vistos\u201d, destacou o presidente do SINPROFAZ.<\/p>\n<p>Confira, a seguir, a \u00edntegra da entrevista:<\/p>\n<p><a title=\"Entrevista Fecombust\u00edveis\" href=\"images\/stories\/pdfs\/entrevista-fe-combustiveis.pdf\" target=\"_blank\">Entrevista Fecombust\u00edveis<\/a><\/p>\n","protected":false},"excerpt":{"rendered":"<p>Na entrevista, o presidente do SINPROFAZ, Allan Titonelli, teve mais uma oportunidade para divulgar o papel da PGFN e as a\u00e7\u00f5es do Sindicato no combate \u00e0 sonega\u00e7\u00e3o.<\/p>\n","protected":false},"author":1,"featured_media":0,"comment_status":"closed","ping_status":"open","sticky":false,"template":"","format":"standard","meta":{"footnotes":""},"categories":[8],"tags":[],"featured_image_url":"https:\/\/dummyimage.com\/720x400","character_count":252,"formatted_date":"28\/09\/2012 - 16:59","contentNovo":"\r\n<p>Na conversa com a jornalista Morgana Campos, Titonelli defendeu mudan\u00e7as nos programas de refinanciamento das d\u00edvidas, criticou a toler\u00e2ncia da sociedade quanto \u00e0 sonega\u00e7\u00e3o, mas reconheceu que houve avan\u00e7os significativos.<\/p>\r\n<p>\u201cSe analisarmos os \u00faltimos dez anos de combate \u00e0s pr\u00e1ticas irregulares no mercado de combust\u00edveis, por exemplo, a evolu\u00e7\u00e3o \u00e9 percept\u00edvel a olhos vistos\u201d, destacou o presidente do SINPROFAZ.<\/p>\r\n<p>Confira, a seguir, a \u00edntegra da entrevista:<\/p>\r\n<p><a title=\"Entrevista Fecombust\u00edveis\" href=\"images\/stories\/pdfs\/entrevista-fe-combustiveis.pdf\" target=\"_blank\">Entrevista Fecombust\u00edveis<\/a><\/p>","_links":{"self":[{"href":"https:\/\/sinprofaz.org.br\/2024\/wp-json\/wp\/v2\/posts\/1033"}],"collection":[{"href":"https:\/\/sinprofaz.org.br\/2024\/wp-json\/wp\/v2\/posts"}],"about":[{"href":"https:\/\/sinprofaz.org.br\/2024\/wp-json\/wp\/v2\/types\/post"}],"author":[{"embeddable":true,"href":"https:\/\/sinprofaz.org.br\/2024\/wp-json\/wp\/v2\/users\/1"}],"replies":[{"embeddable":true,"href":"https:\/\/sinprofaz.org.br\/2024\/wp-json\/wp\/v2\/comments?post=1033"}],"version-history":[{"count":0,"href":"https:\/\/sinprofaz.org.br\/2024\/wp-json\/wp\/v2\/posts\/1033\/revisions"}],"wp:attachment":[{"href":"https:\/\/sinprofaz.org.br\/2024\/wp-json\/wp\/v2\/media?parent=1033"}],"wp:term":[{"taxonomy":"category","embeddable":true,"href":"https:\/\/sinprofaz.org.br\/2024\/wp-json\/wp\/v2\/categories?post=1033"},{"taxonomy":"post_tag","embeddable":true,"href":"https:\/\/sinprofaz.org.br\/2024\/wp-json\/wp\/v2\/tags?post=1033"}],"curies":[{"name":"wp","href":"https:\/\/api.w.org\/{rel}","templated":true}]}}