{"id":10314,"date":"2019-09-05T08:55:27","date_gmt":"2019-09-05T11:55:27","guid":{"rendered":"http:\/\/www.sinprofaz.org.br\/?p=10314"},"modified":"2019-09-06T09:40:15","modified_gmt":"2019-09-06T12:40:15","slug":"metodos-de-calculo-dos-reajustes-motivam-reuniao-entre-sinprofaz-e-assefaz","status":"publish","type":"post","link":"https:\/\/sinprofaz.org.br\/2024\/noticias\/metodos-de-calculo-dos-reajustes-motivam-reuniao-entre-sinprofaz-e-assefaz\/","title":{"rendered":"M\u00c9TODOS DE C\u00c1LCULO DOS REAJUSTES MOTIVAM REUNI\u00c3O ENTRE SINPROFAZ E ASSEFAZ"},"content":{"rendered":"<p>O SINPROFAZ, representado pelo presidente Ernane Brito, pelo vice-presidente Roberto Rodrigues e pelo advogado Hugo Plutarco, esteve reunido na ter\u00e7a-feira (3) com Jo\u00e3o Dias e Vandeilton Soares, respectivamente superintendente executivo e assessor t\u00e1tico da ASSEFAZ &#8211; Funda\u00e7\u00e3o Assistencial dos Servidores do Minist\u00e9rio da Fazenda. O encontro se deu em Bras\u00edlia\/DF, na sede da Funda\u00e7\u00e3o.<\/p>\n<p>Em aten\u00e7\u00e3o a pleito de filiados, o SINPROFAZ solicitou a reuni\u00e3o para discutir os m\u00e9todos de c\u00e1lculo utilizados para determina\u00e7\u00e3o do reajuste de 2019 nos planos de sa\u00fade da Funda\u00e7\u00e3o. Na oportunidade, foram debatidas as legisla\u00e7\u00f5es relativas ao conv\u00eanio, a diferencia\u00e7\u00e3o entre planos individuais e coletivos e planos por ades\u00e3o e empresariais e os percentuais de reajuste aprovados pela Ag\u00eancia Nacional de Sa\u00fade Suplementar (ANS) para este ano. Os representantes da Funda\u00e7\u00e3o detalharam os pormenores da metodologia de c\u00e1lculo e esclareceram todas as d\u00favidas apresentadas.<\/p>\n<p>Conforme decis\u00e3o da Diretoria do SINPROFAZ, a ASSEFAZ ser\u00e1 notificada extrajudicialmente para formalizar a apresenta\u00e7\u00e3o dos c\u00e1lculos atuariais que embasaram os reajustes. De posse dessa documenta\u00e7\u00e3o, os advogados do Sindicato far\u00e3o uma an\u00e1lise da situa\u00e7\u00e3o, de modo a avaliar a viabilidade da ado\u00e7\u00e3o de alguma medida judicial pertinente.<\/p>\n\n\t\t<style type=\"text\/css\">\n\t\t\t#gallery-1 {\n\t\t\t\tmargin: auto;\n\t\t\t}\n\t\t\t#gallery-1 .gallery-item {\n\t\t\t\tfloat: left;\n\t\t\t\tmargin-top: 10px;\n\t\t\t\ttext-align: center;\n\t\t\t\twidth: 33%;\n\t\t\t}\n\t\t\t#gallery-1 img {\n\t\t\t\tborder: 2px solid #cfcfcf;\n\t\t\t}\n\t\t\t#gallery-1 .gallery-caption {\n\t\t\t\tmargin-left: 0;\n\t\t\t}\n\t\t\t\/* see gallery_shortcode() in wp-includes\/media.php *\/\n\t\t<\/style>\n\t\t<div id='gallery-1' class='gallery galleryid-10314 gallery-columns-3 gallery-size-thumbnail'><dl class='gallery-item'>\n\t\t\t<dt class='gallery-icon landscape'>\n\t\t\t\t<a href='https:\/\/sinprofaz.org.br\/2024\/wp-content\/uploads\/2019\/09\/02-2.jpg'><img loading=\"lazy\" decoding=\"async\" width=\"150\" height=\"150\" src=\"https:\/\/sinprofaz.org.br\/2024\/wp-content\/uploads\/2019\/09\/02-2-150x150.jpg\" class=\"attachment-thumbnail size-thumbnail\" alt=\"\" \/><\/a>\n\t\t\t<\/dt><\/dl><dl class='gallery-item'>\n\t\t\t<dt class='gallery-icon landscape'>\n\t\t\t\t<a href='https:\/\/sinprofaz.org.br\/2024\/wp-content\/uploads\/2019\/09\/03-1.jpg'><img loading=\"lazy\" decoding=\"async\" width=\"150\" height=\"150\" src=\"https:\/\/sinprofaz.org.br\/2024\/wp-content\/uploads\/2019\/09\/03-1-150x150.jpg\" class=\"attachment-thumbnail size-thumbnail\" alt=\"\" \/><\/a>\n\t\t\t<\/dt><\/dl>\n\t\t\t<br style='clear: both' \/>\n\t\t<\/div>\n\n","protected":false},"excerpt":{"rendered":"<p>O SINPROFAZ, representado por Ernane Brito, Roberto Rodrigues e Hugo Plutarco, esteve reunido com Jo\u00e3o Dias e Vandeilton Soares, dirigentes da ASSEFAZ &#8211; Funda\u00e7\u00e3o Assistencial dos Servidores do Minist\u00e9rio da Fazenda.<\/p>\n","protected":false},"author":2,"featured_media":10315,"comment_status":"open","ping_status":"open","sticky":false,"template":"","format":"standard","meta":{"footnotes":""},"categories":[8],"tags":[32,26,25],"featured_image_url":"https:\/\/sinprofaz.org.br\/2024\/wp-content\/uploads\/2019\/09\/01-2.jpg","character_count":857,"formatted_date":"05\/09\/2019 - 08:55","contentNovo":"O SINPROFAZ, representado pelo presidente Ernane Brito, pelo vice-presidente Roberto Rodrigues e pelo advogado Hugo Plutarco, esteve reunido na ter\u00e7a-feira (3) com Jo\u00e3o Dias e Vandeilton Soares, respectivamente superintendente executivo e assessor t\u00e1tico da ASSEFAZ - Funda\u00e7\u00e3o Assistencial dos Servidores do Minist\u00e9rio da Fazenda. O encontro se deu em Bras\u00edlia\/DF, na sede da Funda\u00e7\u00e3o.\r\n\r\nEm aten\u00e7\u00e3o a pleito de filiados, o SINPROFAZ solicitou a reuni\u00e3o para discutir os m\u00e9todos de c\u00e1lculo utilizados para determina\u00e7\u00e3o do reajuste de 2019 nos planos de sa\u00fade da Funda\u00e7\u00e3o. Na oportunidade, foram debatidas as legisla\u00e7\u00f5es relativas ao conv\u00eanio, a diferencia\u00e7\u00e3o entre planos individuais e coletivos e planos por ades\u00e3o e empresariais e os percentuais de reajuste aprovados pela Ag\u00eancia Nacional de Sa\u00fade Suplementar (ANS) para este ano. Os representantes da Funda\u00e7\u00e3o detalharam os pormenores da metodologia de c\u00e1lculo e esclareceram todas as d\u00favidas apresentadas.\r\n\r\nConforme decis\u00e3o da Diretoria do SINPROFAZ, a ASSEFAZ ser\u00e1 notificada extrajudicialmente para formalizar a apresenta\u00e7\u00e3o dos c\u00e1lculos atuariais que embasaram os reajustes. De posse dessa documenta\u00e7\u00e3o, os advogados do Sindicato far\u00e3o uma an\u00e1lise da situa\u00e7\u00e3o, de modo a avaliar a viabilidade da ado\u00e7\u00e3o de alguma medida judicial pertinente.\r\n\r\n[gallery link=\"file\" ids=\"10316,10317\"]","_links":{"self":[{"href":"https:\/\/sinprofaz.org.br\/2024\/wp-json\/wp\/v2\/posts\/10314"}],"collection":[{"href":"https:\/\/sinprofaz.org.br\/2024\/wp-json\/wp\/v2\/posts"}],"about":[{"href":"https:\/\/sinprofaz.org.br\/2024\/wp-json\/wp\/v2\/types\/post"}],"author":[{"embeddable":true,"href":"https:\/\/sinprofaz.org.br\/2024\/wp-json\/wp\/v2\/users\/2"}],"replies":[{"embeddable":true,"href":"https:\/\/sinprofaz.org.br\/2024\/wp-json\/wp\/v2\/comments?post=10314"}],"version-history":[{"count":2,"href":"https:\/\/sinprofaz.org.br\/2024\/wp-json\/wp\/v2\/posts\/10314\/revisions"}],"predecessor-version":[{"id":10325,"href":"https:\/\/sinprofaz.org.br\/2024\/wp-json\/wp\/v2\/posts\/10314\/revisions\/10325"}],"wp:featuredmedia":[{"embeddable":true,"href":"https:\/\/sinprofaz.org.br\/2024\/wp-json\/wp\/v2\/media\/10315"}],"wp:attachment":[{"href":"https:\/\/sinprofaz.org.br\/2024\/wp-json\/wp\/v2\/media?parent=10314"}],"wp:term":[{"taxonomy":"category","embeddable":true,"href":"https:\/\/sinprofaz.org.br\/2024\/wp-json\/wp\/v2\/categories?post=10314"},{"taxonomy":"post_tag","embeddable":true,"href":"https:\/\/sinprofaz.org.br\/2024\/wp-json\/wp\/v2\/tags?post=10314"}],"curies":[{"name":"wp","href":"https:\/\/api.w.org\/{rel}","templated":true}]}}